{"id":7860,"date":"2026-04-30T14:11:45","date_gmt":"2026-04-30T14:11:45","guid":{"rendered":"https:\/\/estila.org\/residencia\/?p=7860"},"modified":"2026-04-30T14:11:46","modified_gmt":"2026-04-30T14:11:46","slug":"gran-xuntanza-de-antiguos-colegiales","status":"publish","type":"post","link":"https:\/\/estila.org\/residencia\/gran-xuntanza-de-antiguos-colegiales\/","title":{"rendered":"Gran Xuntanza de Antiguos Colegiales"},"content":{"rendered":"\n<p>Una vez m\u00e1s, el \u00faltimo s\u00e1bado de abril hemos celebrado el encuentro de antiguos colegiales en un clima de alegr\u00eda y de fiesta. Los reencuentros han abarcado desde residentes del curso 1969-70 hasta otros del a\u00f1o pasado. Como siempre, tuvimos la misa, una deliciosa comida, concursos y muchas canciones. Es maravilloso ver que el buen humor sigue siendo rasgo com\u00fan al cabo de medio siglo.<\/p>\n","protected":false},"excerpt":{"rendered":"<p>Una vez m\u00e1s, el \u00faltimo s\u00e1bado de abril hemos celebrado el encuentro de antiguos colegiales en un clima de alegr\u00eda y de fiesta. Los reencuentros han abarcado desde residentes del curso 1969-70 hasta otros del a\u00f1o pasado. Como siempre, tuvimos la misa, una deliciosa comida, concursos y muchas canciones. Es maravilloso ver que el buen &#8230; <\/p>\n<p class=\"read-more-container\"><a title=\"Gran Xuntanza de Antiguos Colegiales\" class=\"read-more button\" href=\"https:\/\/estila.org\/residencia\/gran-xuntanza-de-antiguos-colegiales\/#more-7860\" aria-label=\"Leer m\u00e1s sobre Gran Xuntanza de Antiguos Colegiales\">Leer m\u00e1s<\/a><\/p>\n","protected":false},"author":7,"featured_media":7861,"comment_status":"closed","ping_status":"closed","sticky":false,"template":"","format":"standard","meta":{"footnotes":""},"categories":[31,5,27],"tags":[],"class_list":["post-7860","post","type-post","status-publish","format-standard","has-post-thumbnail","hentry","category-antiguos-residentes","category-la-estila","category-noticias","infinite-scroll-item"],"aioseo_notices":[],"_links":{"self":[{"href":"https:\/\/estila.org\/residencia\/wp-json\/wp\/v2\/posts\/7860","targetHints":{"allow":["GET"]}}],"collection":[{"href":"https:\/\/estila.org\/residencia\/wp-json\/wp\/v2\/posts"}],"about":[{"href":"https:\/\/estila.org\/residencia\/wp-json\/wp\/v2\/types\/post"}],"author":[{"embeddable":true,"href":"https:\/\/estila.org\/residencia\/wp-json\/wp\/v2\/users\/7"}],"replies":[{"embeddable":true,"href":"https:\/\/estila.org\/residencia\/wp-json\/wp\/v2\/comments?post=7860"}],"version-history":[{"count":1,"href":"https:\/\/estila.org\/residencia\/wp-json\/wp\/v2\/posts\/7860\/revisions"}],"predecessor-version":[{"id":7862,"href":"https:\/\/estila.org\/residencia\/wp-json\/wp\/v2\/posts\/7860\/revisions\/7862"}],"wp:featuredmedia":[{"embeddable":true,"href":"https:\/\/estila.org\/residencia\/wp-json\/wp\/v2\/media\/7861"}],"wp:attachment":[{"href":"https:\/\/estila.org\/residencia\/wp-json\/wp\/v2\/media?parent=7860"}],"wp:term":[{"taxonomy":"category","embeddable":true,"href":"https:\/\/estila.org\/residencia\/wp-json\/wp\/v2\/categories?post=7860"},{"taxonomy":"post_tag","embeddable":true,"href":"https:\/\/estila.org\/residencia\/wp-json\/wp\/v2\/tags?post=7860"}],"curies":[{"name":"wp","href":"https:\/\/api.w.org\/{rel}","templated":true}]}}