{"id":7756,"date":"2026-03-16T11:40:59","date_gmt":"2026-03-16T11:40:59","guid":{"rendered":"https:\/\/estila.org\/residencia\/?p=7756"},"modified":"2026-03-16T11:41:00","modified_gmt":"2026-03-16T11:41:00","slug":"acto-academico-de-entrega-de-becas","status":"publish","type":"post","link":"https:\/\/estila.org\/residencia\/acto-academico-de-entrega-de-becas\/","title":{"rendered":"Acto Acad\u00e9mico de Entrega de Becas"},"content":{"rendered":"\n<p>Con una lecci\u00f3n magistral a cargo del ex ministro y ex eurodiputado Jaime Mayor Oreja sobre \u201cLa Europa de hoy y su identidad\u201d, hemos celebrado el Acto Acad\u00e9mico de nombramiento de Colegial de Honor a Mar\u00eda M\u00e9ndez en su calidad de presidenta de la Asociaci\u00f3n de Periodistas de Galicia (APG), la imposici\u00f3n de becas a nueve colegiales de tercer curso y la entrega de insignias a catorce de segundo a\u00f1o. El Rector Magn\u00edfico de la USC, Antonio L\u00f3pez, presidi\u00f3 el acto junto con la delegada de la Xunta de Galicia en A Coru\u00f1a, Bel\u00e9n do Campo, y el secretario general de la Conseller\u00eda de Educaci\u00f3n Manuel Vila L\u00f3pez. Fue una velada magn\u00edfica en la que participaron los padres de los nuevos becarios e \u201cinsignios\u201d y muchos amigos.<\/p>\n\n\n\n<figure class=\"wp-block-gallery has-nested-images columns-default is-cropped wp-block-gallery-1 is-layout-flex wp-block-gallery-is-layout-flex\">\n<figure class=\"wp-block-image size-large\"><a href=\"https:\/\/estila.org\/residencia\/wp-content\/uploads\/2026\/03\/WhatsApp-Image-2026-03-16-at-11.11.16-1.jpeg\"><img fetchpriority=\"high\" decoding=\"async\" width=\"1024\" height=\"768\" data-id=\"7757\" src=\"https:\/\/estila.org\/residencia\/wp-content\/uploads\/2026\/03\/WhatsApp-Image-2026-03-16-at-11.11.16-1-1024x768.jpeg\" alt=\"\" class=\"wp-image-7757\" srcset=\"https:\/\/estila.org\/residencia\/wp-content\/uploads\/2026\/03\/WhatsApp-Image-2026-03-16-at-11.11.16-1-1024x768.jpeg 1024w, https:\/\/estila.org\/residencia\/wp-content\/uploads\/2026\/03\/WhatsApp-Image-2026-03-16-at-11.11.16-1-300x225.jpeg 300w, https:\/\/estila.org\/residencia\/wp-content\/uploads\/2026\/03\/WhatsApp-Image-2026-03-16-at-11.11.16-1-768x576.jpeg 768w, https:\/\/estila.org\/residencia\/wp-content\/uploads\/2026\/03\/WhatsApp-Image-2026-03-16-at-11.11.16-1-1536x1152.jpeg 1536w, https:\/\/estila.org\/residencia\/wp-content\/uploads\/2026\/03\/WhatsApp-Image-2026-03-16-at-11.11.16-1.jpeg 1600w\" sizes=\"(max-width: 1024px) 100vw, 1024px\" title=\"Acto Acad\u00e9mico de Entrega de Becas Residencia Universitaria en Santiago de Compostela y Colegio Mayor\" \/><\/a><\/figure>\n\n\n\n<figure class=\"wp-block-image size-large\"><a href=\"https:\/\/estila.org\/residencia\/wp-content\/uploads\/2026\/03\/WhatsApp-Image-2026-03-16-at-11.11.16.jpeg\"><img decoding=\"async\" width=\"1024\" height=\"768\" data-id=\"7758\" src=\"https:\/\/estila.org\/residencia\/wp-content\/uploads\/2026\/03\/WhatsApp-Image-2026-03-16-at-11.11.16-1024x768.jpeg\" alt=\"\" class=\"wp-image-7758\" srcset=\"https:\/\/estila.org\/residencia\/wp-content\/uploads\/2026\/03\/WhatsApp-Image-2026-03-16-at-11.11.16-1024x768.jpeg 1024w, https:\/\/estila.org\/residencia\/wp-content\/uploads\/2026\/03\/WhatsApp-Image-2026-03-16-at-11.11.16-300x225.jpeg 300w, https:\/\/estila.org\/residencia\/wp-content\/uploads\/2026\/03\/WhatsApp-Image-2026-03-16-at-11.11.16-768x576.jpeg 768w, https:\/\/estila.org\/residencia\/wp-content\/uploads\/2026\/03\/WhatsApp-Image-2026-03-16-at-11.11.16-1536x1152.jpeg 1536w, https:\/\/estila.org\/residencia\/wp-content\/uploads\/2026\/03\/WhatsApp-Image-2026-03-16-at-11.11.16.jpeg 1600w\" sizes=\"(max-width: 1024px) 100vw, 1024px\" title=\"Acto Acad\u00e9mico de Entrega de Becas Residencia Universitaria en Santiago de Compostela y Colegio Mayor\" \/><\/a><\/figure>\n\n\n\n<figure class=\"wp-block-image size-large\"><a href=\"https:\/\/estila.org\/residencia\/wp-content\/uploads\/2026\/03\/WhatsApp-Image-2026-03-16-at-11.11.17-1.jpeg\"><img decoding=\"async\" width=\"1024\" height=\"768\" data-id=\"7759\" src=\"https:\/\/estila.org\/residencia\/wp-content\/uploads\/2026\/03\/WhatsApp-Image-2026-03-16-at-11.11.17-1-1024x768.jpeg\" alt=\"\" class=\"wp-image-7759\" srcset=\"https:\/\/estila.org\/residencia\/wp-content\/uploads\/2026\/03\/WhatsApp-Image-2026-03-16-at-11.11.17-1-1024x768.jpeg 1024w, https:\/\/estila.org\/residencia\/wp-content\/uploads\/2026\/03\/WhatsApp-Image-2026-03-16-at-11.11.17-1-300x225.jpeg 300w, https:\/\/estila.org\/residencia\/wp-content\/uploads\/2026\/03\/WhatsApp-Image-2026-03-16-at-11.11.17-1-768x576.jpeg 768w, https:\/\/estila.org\/residencia\/wp-content\/uploads\/2026\/03\/WhatsApp-Image-2026-03-16-at-11.11.17-1-1536x1152.jpeg 1536w, https:\/\/estila.org\/residencia\/wp-content\/uploads\/2026\/03\/WhatsApp-Image-2026-03-16-at-11.11.17-1.jpeg 1600w\" sizes=\"(max-width: 1024px) 100vw, 1024px\" title=\"Acto Acad\u00e9mico de Entrega de Becas Residencia Universitaria en Santiago de Compostela y Colegio Mayor\" \/><\/a><\/figure>\n\n\n\n<figure class=\"wp-block-image size-large\"><a href=\"https:\/\/estila.org\/residencia\/wp-content\/uploads\/2026\/03\/WhatsApp-Image-2026-03-16-at-11.11.17-2.jpeg\"><img loading=\"lazy\" decoding=\"async\" width=\"1024\" height=\"768\" data-id=\"7760\" src=\"https:\/\/estila.org\/residencia\/wp-content\/uploads\/2026\/03\/WhatsApp-Image-2026-03-16-at-11.11.17-2-1024x768.jpeg\" alt=\"\" class=\"wp-image-7760\" srcset=\"https:\/\/estila.org\/residencia\/wp-content\/uploads\/2026\/03\/WhatsApp-Image-2026-03-16-at-11.11.17-2-1024x768.jpeg 1024w, https:\/\/estila.org\/residencia\/wp-content\/uploads\/2026\/03\/WhatsApp-Image-2026-03-16-at-11.11.17-2-300x225.jpeg 300w, https:\/\/estila.org\/residencia\/wp-content\/uploads\/2026\/03\/WhatsApp-Image-2026-03-16-at-11.11.17-2-768x576.jpeg 768w, https:\/\/estila.org\/residencia\/wp-content\/uploads\/2026\/03\/WhatsApp-Image-2026-03-16-at-11.11.17-2-1536x1152.jpeg 1536w, https:\/\/estila.org\/residencia\/wp-content\/uploads\/2026\/03\/WhatsApp-Image-2026-03-16-at-11.11.17-2.jpeg 1600w\" sizes=\"(max-width: 1024px) 100vw, 1024px\" title=\"Acto Acad\u00e9mico de Entrega de Becas Residencia Universitaria en Santiago de Compostela y Colegio Mayor\" \/><\/a><\/figure>\n\n\n\n<figure class=\"wp-block-image size-large\"><a href=\"https:\/\/estila.org\/residencia\/wp-content\/uploads\/2026\/03\/WhatsApp-Image-2026-03-16-at-11.11.17-3.jpeg\"><img loading=\"lazy\" decoding=\"async\" width=\"1024\" height=\"768\" data-id=\"7761\" src=\"https:\/\/estila.org\/residencia\/wp-content\/uploads\/2026\/03\/WhatsApp-Image-2026-03-16-at-11.11.17-3-1024x768.jpeg\" alt=\"\" class=\"wp-image-7761\" srcset=\"https:\/\/estila.org\/residencia\/wp-content\/uploads\/2026\/03\/WhatsApp-Image-2026-03-16-at-11.11.17-3-1024x768.jpeg 1024w, https:\/\/estila.org\/residencia\/wp-content\/uploads\/2026\/03\/WhatsApp-Image-2026-03-16-at-11.11.17-3-300x225.jpeg 300w, https:\/\/estila.org\/residencia\/wp-content\/uploads\/2026\/03\/WhatsApp-Image-2026-03-16-at-11.11.17-3-768x576.jpeg 768w, https:\/\/estila.org\/residencia\/wp-content\/uploads\/2026\/03\/WhatsApp-Image-2026-03-16-at-11.11.17-3-1536x1152.jpeg 1536w, https:\/\/estila.org\/residencia\/wp-content\/uploads\/2026\/03\/WhatsApp-Image-2026-03-16-at-11.11.17-3.jpeg 1600w\" sizes=\"(max-width: 1024px) 100vw, 1024px\" title=\"Acto Acad\u00e9mico de Entrega de Becas Residencia Universitaria en Santiago de Compostela y Colegio Mayor\" \/><\/a><\/figure>\n\n\n\n<figure class=\"wp-block-image size-large\"><a href=\"https:\/\/estila.org\/residencia\/wp-content\/uploads\/2026\/03\/WhatsApp-Image-2026-03-16-at-11.11.17-4.jpeg\"><img loading=\"lazy\" decoding=\"async\" width=\"1024\" height=\"768\" data-id=\"7762\" src=\"https:\/\/estila.org\/residencia\/wp-content\/uploads\/2026\/03\/WhatsApp-Image-2026-03-16-at-11.11.17-4-1024x768.jpeg\" alt=\"\" class=\"wp-image-7762\" srcset=\"https:\/\/estila.org\/residencia\/wp-content\/uploads\/2026\/03\/WhatsApp-Image-2026-03-16-at-11.11.17-4-1024x768.jpeg 1024w, https:\/\/estila.org\/residencia\/wp-content\/uploads\/2026\/03\/WhatsApp-Image-2026-03-16-at-11.11.17-4-300x225.jpeg 300w, https:\/\/estila.org\/residencia\/wp-content\/uploads\/2026\/03\/WhatsApp-Image-2026-03-16-at-11.11.17-4-768x576.jpeg 768w, https:\/\/estila.org\/residencia\/wp-content\/uploads\/2026\/03\/WhatsApp-Image-2026-03-16-at-11.11.17-4-1536x1152.jpeg 1536w, https:\/\/estila.org\/residencia\/wp-content\/uploads\/2026\/03\/WhatsApp-Image-2026-03-16-at-11.11.17-4.jpeg 1600w\" sizes=\"(max-width: 1024px) 100vw, 1024px\" title=\"Acto Acad\u00e9mico de Entrega de Becas Residencia Universitaria en Santiago de Compostela y Colegio Mayor\" \/><\/a><\/figure>\n\n\n\n<figure class=\"wp-block-image size-large\"><a href=\"https:\/\/estila.org\/residencia\/wp-content\/uploads\/2026\/03\/WhatsApp-Image-2026-03-16-at-11.11.17-5.jpeg\"><img loading=\"lazy\" decoding=\"async\" width=\"1024\" height=\"768\" data-id=\"7763\" src=\"https:\/\/estila.org\/residencia\/wp-content\/uploads\/2026\/03\/WhatsApp-Image-2026-03-16-at-11.11.17-5-1024x768.jpeg\" alt=\"\" class=\"wp-image-7763\" srcset=\"https:\/\/estila.org\/residencia\/wp-content\/uploads\/2026\/03\/WhatsApp-Image-2026-03-16-at-11.11.17-5-1024x768.jpeg 1024w, https:\/\/estila.org\/residencia\/wp-content\/uploads\/2026\/03\/WhatsApp-Image-2026-03-16-at-11.11.17-5-300x225.jpeg 300w, https:\/\/estila.org\/residencia\/wp-content\/uploads\/2026\/03\/WhatsApp-Image-2026-03-16-at-11.11.17-5-768x576.jpeg 768w, https:\/\/estila.org\/residencia\/wp-content\/uploads\/2026\/03\/WhatsApp-Image-2026-03-16-at-11.11.17-5-1536x1152.jpeg 1536w, https:\/\/estila.org\/residencia\/wp-content\/uploads\/2026\/03\/WhatsApp-Image-2026-03-16-at-11.11.17-5.jpeg 1600w\" sizes=\"(max-width: 1024px) 100vw, 1024px\" title=\"Acto Acad\u00e9mico de Entrega de Becas Residencia Universitaria en Santiago de Compostela y Colegio Mayor\" \/><\/a><\/figure>\n\n\n\n<figure class=\"wp-block-image size-large\"><a href=\"https:\/\/estila.org\/residencia\/wp-content\/uploads\/2026\/03\/WhatsApp-Image-2026-03-16-at-11.11.17-6.jpeg\"><img loading=\"lazy\" decoding=\"async\" width=\"1024\" height=\"768\" data-id=\"7764\" src=\"https:\/\/estila.org\/residencia\/wp-content\/uploads\/2026\/03\/WhatsApp-Image-2026-03-16-at-11.11.17-6-1024x768.jpeg\" alt=\"\" class=\"wp-image-7764\" srcset=\"https:\/\/estila.org\/residencia\/wp-content\/uploads\/2026\/03\/WhatsApp-Image-2026-03-16-at-11.11.17-6-1024x768.jpeg 1024w, https:\/\/estila.org\/residencia\/wp-content\/uploads\/2026\/03\/WhatsApp-Image-2026-03-16-at-11.11.17-6-300x225.jpeg 300w, https:\/\/estila.org\/residencia\/wp-content\/uploads\/2026\/03\/WhatsApp-Image-2026-03-16-at-11.11.17-6-768x576.jpeg 768w, https:\/\/estila.org\/residencia\/wp-content\/uploads\/2026\/03\/WhatsApp-Image-2026-03-16-at-11.11.17-6-1536x1152.jpeg 1536w, https:\/\/estila.org\/residencia\/wp-content\/uploads\/2026\/03\/WhatsApp-Image-2026-03-16-at-11.11.17-6.jpeg 1600w\" sizes=\"(max-width: 1024px) 100vw, 1024px\" title=\"Acto Acad\u00e9mico de Entrega de Becas Residencia Universitaria en Santiago de Compostela y Colegio Mayor\" \/><\/a><\/figure>\n\n\n\n<figure class=\"wp-block-image size-large\"><a href=\"https:\/\/estila.org\/residencia\/wp-content\/uploads\/2026\/03\/WhatsApp-Image-2026-03-16-at-11.11.17-7.jpeg\"><img loading=\"lazy\" decoding=\"async\" width=\"1024\" height=\"768\" data-id=\"7765\" src=\"https:\/\/estila.org\/residencia\/wp-content\/uploads\/2026\/03\/WhatsApp-Image-2026-03-16-at-11.11.17-7-1024x768.jpeg\" alt=\"\" class=\"wp-image-7765\" srcset=\"https:\/\/estila.org\/residencia\/wp-content\/uploads\/2026\/03\/WhatsApp-Image-2026-03-16-at-11.11.17-7-1024x768.jpeg 1024w, https:\/\/estila.org\/residencia\/wp-content\/uploads\/2026\/03\/WhatsApp-Image-2026-03-16-at-11.11.17-7-300x225.jpeg 300w, https:\/\/estila.org\/residencia\/wp-content\/uploads\/2026\/03\/WhatsApp-Image-2026-03-16-at-11.11.17-7-768x576.jpeg 768w, https:\/\/estila.org\/residencia\/wp-content\/uploads\/2026\/03\/WhatsApp-Image-2026-03-16-at-11.11.17-7-1536x1152.jpeg 1536w, https:\/\/estila.org\/residencia\/wp-content\/uploads\/2026\/03\/WhatsApp-Image-2026-03-16-at-11.11.17-7.jpeg 1600w\" sizes=\"(max-width: 1024px) 100vw, 1024px\" title=\"Acto Acad\u00e9mico de Entrega de Becas Residencia Universitaria en Santiago de Compostela y Colegio Mayor\" \/><\/a><\/figure>\n\n\n\n<figure class=\"wp-block-image size-large\"><a href=\"https:\/\/estila.org\/residencia\/wp-content\/uploads\/2026\/03\/WhatsApp-Image-2026-03-16-at-11.11.17-8.jpeg\"><img loading=\"lazy\" decoding=\"async\" width=\"1024\" height=\"768\" data-id=\"7766\" src=\"https:\/\/estila.org\/residencia\/wp-content\/uploads\/2026\/03\/WhatsApp-Image-2026-03-16-at-11.11.17-8-1024x768.jpeg\" alt=\"\" class=\"wp-image-7766\" srcset=\"https:\/\/estila.org\/residencia\/wp-content\/uploads\/2026\/03\/WhatsApp-Image-2026-03-16-at-11.11.17-8-1024x768.jpeg 1024w, https:\/\/estila.org\/residencia\/wp-content\/uploads\/2026\/03\/WhatsApp-Image-2026-03-16-at-11.11.17-8-300x225.jpeg 300w, https:\/\/estila.org\/residencia\/wp-content\/uploads\/2026\/03\/WhatsApp-Image-2026-03-16-at-11.11.17-8-768x576.jpeg 768w, https:\/\/estila.org\/residencia\/wp-content\/uploads\/2026\/03\/WhatsApp-Image-2026-03-16-at-11.11.17-8-1536x1152.jpeg 1536w, https:\/\/estila.org\/residencia\/wp-content\/uploads\/2026\/03\/WhatsApp-Image-2026-03-16-at-11.11.17-8.jpeg 1600w\" sizes=\"(max-width: 1024px) 100vw, 1024px\" title=\"Acto Acad\u00e9mico de Entrega de Becas Residencia Universitaria en Santiago de Compostela y Colegio Mayor\" \/><\/a><\/figure>\n\n\n\n<figure class=\"wp-block-image size-large\"><a href=\"https:\/\/estila.org\/residencia\/wp-content\/uploads\/2026\/03\/WhatsApp-Image-2026-03-16-at-11.11.17-9.jpeg\"><img loading=\"lazy\" decoding=\"async\" width=\"1024\" height=\"768\" data-id=\"7767\" src=\"https:\/\/estila.org\/residencia\/wp-content\/uploads\/2026\/03\/WhatsApp-Image-2026-03-16-at-11.11.17-9-1024x768.jpeg\" alt=\"\" class=\"wp-image-7767\" srcset=\"https:\/\/estila.org\/residencia\/wp-content\/uploads\/2026\/03\/WhatsApp-Image-2026-03-16-at-11.11.17-9-1024x768.jpeg 1024w, https:\/\/estila.org\/residencia\/wp-content\/uploads\/2026\/03\/WhatsApp-Image-2026-03-16-at-11.11.17-9-300x225.jpeg 300w, https:\/\/estila.org\/residencia\/wp-content\/uploads\/2026\/03\/WhatsApp-Image-2026-03-16-at-11.11.17-9-768x576.jpeg 768w, https:\/\/estila.org\/residencia\/wp-content\/uploads\/2026\/03\/WhatsApp-Image-2026-03-16-at-11.11.17-9-1536x1152.jpeg 1536w, https:\/\/estila.org\/residencia\/wp-content\/uploads\/2026\/03\/WhatsApp-Image-2026-03-16-at-11.11.17-9.jpeg 1600w\" sizes=\"(max-width: 1024px) 100vw, 1024px\" title=\"Acto Acad\u00e9mico de Entrega de Becas Residencia Universitaria en Santiago de Compostela y Colegio Mayor\" \/><\/a><\/figure>\n\n\n\n<figure class=\"wp-block-image size-large\"><a href=\"https:\/\/estila.org\/residencia\/wp-content\/uploads\/2026\/03\/WhatsApp-Image-2026-03-16-at-11.11.17-10.jpeg\"><img loading=\"lazy\" decoding=\"async\" width=\"1024\" height=\"768\" data-id=\"7768\" src=\"https:\/\/estila.org\/residencia\/wp-content\/uploads\/2026\/03\/WhatsApp-Image-2026-03-16-at-11.11.17-10-1024x768.jpeg\" alt=\"\" class=\"wp-image-7768\" srcset=\"https:\/\/estila.org\/residencia\/wp-content\/uploads\/2026\/03\/WhatsApp-Image-2026-03-16-at-11.11.17-10-1024x768.jpeg 1024w, https:\/\/estila.org\/residencia\/wp-content\/uploads\/2026\/03\/WhatsApp-Image-2026-03-16-at-11.11.17-10-300x225.jpeg 300w, https:\/\/estila.org\/residencia\/wp-content\/uploads\/2026\/03\/WhatsApp-Image-2026-03-16-at-11.11.17-10-768x576.jpeg 768w, https:\/\/estila.org\/residencia\/wp-content\/uploads\/2026\/03\/WhatsApp-Image-2026-03-16-at-11.11.17-10-1536x1152.jpeg 1536w, https:\/\/estila.org\/residencia\/wp-content\/uploads\/2026\/03\/WhatsApp-Image-2026-03-16-at-11.11.17-10.jpeg 1600w\" sizes=\"(max-width: 1024px) 100vw, 1024px\" title=\"Acto Acad\u00e9mico de Entrega de Becas Residencia Universitaria en Santiago de Compostela y Colegio Mayor\" \/><\/a><\/figure>\n\n\n\n<figure class=\"wp-block-image size-large\"><a href=\"https:\/\/estila.org\/residencia\/wp-content\/uploads\/2026\/03\/WhatsApp-Image-2026-03-16-at-11.11.17-11.jpeg\"><img loading=\"lazy\" decoding=\"async\" width=\"1024\" height=\"768\" data-id=\"7769\" src=\"https:\/\/estila.org\/residencia\/wp-content\/uploads\/2026\/03\/WhatsApp-Image-2026-03-16-at-11.11.17-11-1024x768.jpeg\" alt=\"\" class=\"wp-image-7769\" srcset=\"https:\/\/estila.org\/residencia\/wp-content\/uploads\/2026\/03\/WhatsApp-Image-2026-03-16-at-11.11.17-11-1024x768.jpeg 1024w, https:\/\/estila.org\/residencia\/wp-content\/uploads\/2026\/03\/WhatsApp-Image-2026-03-16-at-11.11.17-11-300x225.jpeg 300w, https:\/\/estila.org\/residencia\/wp-content\/uploads\/2026\/03\/WhatsApp-Image-2026-03-16-at-11.11.17-11-768x576.jpeg 768w, https:\/\/estila.org\/residencia\/wp-content\/uploads\/2026\/03\/WhatsApp-Image-2026-03-16-at-11.11.17-11-1536x1152.jpeg 1536w, https:\/\/estila.org\/residencia\/wp-content\/uploads\/2026\/03\/WhatsApp-Image-2026-03-16-at-11.11.17-11.jpeg 1600w\" sizes=\"(max-width: 1024px) 100vw, 1024px\" title=\"Acto Acad\u00e9mico de Entrega de Becas Residencia Universitaria en Santiago de Compostela y Colegio Mayor\" \/><\/a><\/figure>\n\n\n\n<figure class=\"wp-block-image size-large\"><a href=\"https:\/\/estila.org\/residencia\/wp-content\/uploads\/2026\/03\/WhatsApp-Image-2026-03-16-at-11.11.17-12.jpeg\"><img loading=\"lazy\" decoding=\"async\" width=\"1024\" height=\"768\" data-id=\"7770\" src=\"https:\/\/estila.org\/residencia\/wp-content\/uploads\/2026\/03\/WhatsApp-Image-2026-03-16-at-11.11.17-12-1024x768.jpeg\" alt=\"\" class=\"wp-image-7770\" srcset=\"https:\/\/estila.org\/residencia\/wp-content\/uploads\/2026\/03\/WhatsApp-Image-2026-03-16-at-11.11.17-12-1024x768.jpeg 1024w, https:\/\/estila.org\/residencia\/wp-content\/uploads\/2026\/03\/WhatsApp-Image-2026-03-16-at-11.11.17-12-300x225.jpeg 300w, https:\/\/estila.org\/residencia\/wp-content\/uploads\/2026\/03\/WhatsApp-Image-2026-03-16-at-11.11.17-12-768x576.jpeg 768w, https:\/\/estila.org\/residencia\/wp-content\/uploads\/2026\/03\/WhatsApp-Image-2026-03-16-at-11.11.17-12-1536x1152.jpeg 1536w, https:\/\/estila.org\/residencia\/wp-content\/uploads\/2026\/03\/WhatsApp-Image-2026-03-16-at-11.11.17-12.jpeg 1600w\" sizes=\"(max-width: 1024px) 100vw, 1024px\" title=\"Acto Acad\u00e9mico de Entrega de Becas Residencia Universitaria en Santiago de Compostela y Colegio Mayor\" \/><\/a><\/figure>\n\n\n\n<figure class=\"wp-block-image size-large\"><a href=\"https:\/\/estila.org\/residencia\/wp-content\/uploads\/2026\/03\/WhatsApp-Image-2026-03-16-at-11.11.17-13.jpeg\"><img loading=\"lazy\" decoding=\"async\" width=\"768\" height=\"1024\" data-id=\"7771\" src=\"https:\/\/estila.org\/residencia\/wp-content\/uploads\/2026\/03\/WhatsApp-Image-2026-03-16-at-11.11.17-13-768x1024.jpeg\" alt=\"\" class=\"wp-image-7771\" srcset=\"https:\/\/estila.org\/residencia\/wp-content\/uploads\/2026\/03\/WhatsApp-Image-2026-03-16-at-11.11.17-13-768x1024.jpeg 768w, https:\/\/estila.org\/residencia\/wp-content\/uploads\/2026\/03\/WhatsApp-Image-2026-03-16-at-11.11.17-13-225x300.jpeg 225w, https:\/\/estila.org\/residencia\/wp-content\/uploads\/2026\/03\/WhatsApp-Image-2026-03-16-at-11.11.17-13-1152x1536.jpeg 1152w, https:\/\/estila.org\/residencia\/wp-content\/uploads\/2026\/03\/WhatsApp-Image-2026-03-16-at-11.11.17-13.jpeg 1200w\" sizes=\"(max-width: 768px) 100vw, 768px\" title=\"Acto Acad\u00e9mico de Entrega de Becas Residencia Universitaria en Santiago de Compostela y Colegio Mayor\" \/><\/a><\/figure>\n\n\n\n<figure class=\"wp-block-image size-large\"><a href=\"https:\/\/estila.org\/residencia\/wp-content\/uploads\/2026\/03\/WhatsApp-Image-2026-03-16-at-11.11.17.jpeg\"><img loading=\"lazy\" decoding=\"async\" width=\"1024\" height=\"768\" data-id=\"7772\" src=\"https:\/\/estila.org\/residencia\/wp-content\/uploads\/2026\/03\/WhatsApp-Image-2026-03-16-at-11.11.17-1024x768.jpeg\" alt=\"\" class=\"wp-image-7772\" srcset=\"https:\/\/estila.org\/residencia\/wp-content\/uploads\/2026\/03\/WhatsApp-Image-2026-03-16-at-11.11.17-1024x768.jpeg 1024w, https:\/\/estila.org\/residencia\/wp-content\/uploads\/2026\/03\/WhatsApp-Image-2026-03-16-at-11.11.17-300x225.jpeg 300w, https:\/\/estila.org\/residencia\/wp-content\/uploads\/2026\/03\/WhatsApp-Image-2026-03-16-at-11.11.17-768x576.jpeg 768w, https:\/\/estila.org\/residencia\/wp-content\/uploads\/2026\/03\/WhatsApp-Image-2026-03-16-at-11.11.17-1536x1152.jpeg 1536w, https:\/\/estila.org\/residencia\/wp-content\/uploads\/2026\/03\/WhatsApp-Image-2026-03-16-at-11.11.17.jpeg 1600w\" sizes=\"(max-width: 1024px) 100vw, 1024px\" title=\"Acto Acad\u00e9mico de Entrega de Becas Residencia Universitaria en Santiago de Compostela y Colegio Mayor\" \/><\/a><\/figure>\n\n\n\n<figure class=\"wp-block-image size-large\"><a href=\"https:\/\/estila.org\/residencia\/wp-content\/uploads\/2026\/03\/WhatsApp-Image-2026-03-16-at-11.11.18.jpeg\"><img loading=\"lazy\" decoding=\"async\" width=\"1024\" height=\"768\" data-id=\"7774\" src=\"https:\/\/estila.org\/residencia\/wp-content\/uploads\/2026\/03\/WhatsApp-Image-2026-03-16-at-11.11.18-1024x768.jpeg\" alt=\"\" class=\"wp-image-7774\" srcset=\"https:\/\/estila.org\/residencia\/wp-content\/uploads\/2026\/03\/WhatsApp-Image-2026-03-16-at-11.11.18-1024x768.jpeg 1024w, https:\/\/estila.org\/residencia\/wp-content\/uploads\/2026\/03\/WhatsApp-Image-2026-03-16-at-11.11.18-300x225.jpeg 300w, https:\/\/estila.org\/residencia\/wp-content\/uploads\/2026\/03\/WhatsApp-Image-2026-03-16-at-11.11.18-768x576.jpeg 768w, https:\/\/estila.org\/residencia\/wp-content\/uploads\/2026\/03\/WhatsApp-Image-2026-03-16-at-11.11.18-1536x1152.jpeg 1536w, https:\/\/estila.org\/residencia\/wp-content\/uploads\/2026\/03\/WhatsApp-Image-2026-03-16-at-11.11.18.jpeg 1600w\" sizes=\"(max-width: 1024px) 100vw, 1024px\" title=\"Acto Acad\u00e9mico de Entrega de Becas Residencia Universitaria en Santiago de Compostela y Colegio Mayor\" \/><\/a><\/figure>\n<\/figure>\n","protected":false},"excerpt":{"rendered":"<p>Con una lecci\u00f3n magistral a cargo del ex ministro y ex eurodiputado Jaime Mayor Oreja sobre \u201cLa Europa de hoy y su identidad\u201d, hemos celebrado el Acto Acad\u00e9mico de nombramiento de Colegial de Honor a Mar\u00eda M\u00e9ndez en su calidad de presidenta de la Asociaci\u00f3n de Periodistas de Galicia (APG), la imposici\u00f3n de becas a &#8230; <\/p>\n<p class=\"read-more-container\"><a title=\"Acto Acad\u00e9mico de Entrega de Becas\" class=\"read-more button\" href=\"https:\/\/estila.org\/residencia\/acto-academico-de-entrega-de-becas\/#more-7756\" aria-label=\"Leer m\u00e1s sobre Acto Acad\u00e9mico de Entrega de Becas\">Leer m\u00e1s<\/a><\/p>\n","protected":false},"author":7,"featured_media":7773,"comment_status":"closed","ping_status":"closed","sticky":false,"template":"","format":"standard","meta":{"footnotes":""},"categories":[27],"tags":[],"class_list":["post-7756","post","type-post","status-publish","format-standard","has-post-thumbnail","hentry","category-noticias","infinite-scroll-item"],"aioseo_notices":[],"_links":{"self":[{"href":"https:\/\/estila.org\/residencia\/wp-json\/wp\/v2\/posts\/7756","targetHints":{"allow":["GET"]}}],"collection":[{"href":"https:\/\/estila.org\/residencia\/wp-json\/wp\/v2\/posts"}],"about":[{"href":"https:\/\/estila.org\/residencia\/wp-json\/wp\/v2\/types\/post"}],"author":[{"embeddable":true,"href":"https:\/\/estila.org\/residencia\/wp-json\/wp\/v2\/users\/7"}],"replies":[{"embeddable":true,"href":"https:\/\/estila.org\/residencia\/wp-json\/wp\/v2\/comments?post=7756"}],"version-history":[{"count":1,"href":"https:\/\/estila.org\/residencia\/wp-json\/wp\/v2\/posts\/7756\/revisions"}],"predecessor-version":[{"id":7775,"href":"https:\/\/estila.org\/residencia\/wp-json\/wp\/v2\/posts\/7756\/revisions\/7775"}],"wp:featuredmedia":[{"embeddable":true,"href":"https:\/\/estila.org\/residencia\/wp-json\/wp\/v2\/media\/7773"}],"wp:attachment":[{"href":"https:\/\/estila.org\/residencia\/wp-json\/wp\/v2\/media?parent=7756"}],"wp:term":[{"taxonomy":"category","embeddable":true,"href":"https:\/\/estila.org\/residencia\/wp-json\/wp\/v2\/categories?post=7756"},{"taxonomy":"post_tag","embeddable":true,"href":"https:\/\/estila.org\/residencia\/wp-json\/wp\/v2\/tags?post=7756"}],"curies":[{"name":"wp","href":"https:\/\/api.w.org\/{rel}","templated":true}]}}