{"id":7750,"date":"2026-03-04T17:16:28","date_gmt":"2026-03-04T17:16:28","guid":{"rendered":"https:\/\/estila.org\/residencia\/?p=7750"},"modified":"2026-03-04T17:16:29","modified_gmt":"2026-03-04T17:16:29","slug":"luis-gutierrez-rojas-las-dificultades-y-el-dolor-hacen-madurar","status":"publish","type":"post","link":"https:\/\/estila.org\/residencia\/luis-gutierrez-rojas-las-dificultades-y-el-dolor-hacen-madurar\/","title":{"rendered":"Luis Guti\u00e9rrez Rojas: \u201cLas dificultades y el dolor hacen madurar\u201d"},"content":{"rendered":"\n<p>El profesor de Psiquiatr\u00eda en la Universidad de Granada y m\u00e9dico en el Hospital Cl\u00ednico San Cecilio nos ha explicado que la sobreprotecci\u00f3n y buscar siempre el camino m\u00e1s f\u00e1cil no son las mejores opciones pues \u201clas dificultades, los fracasos y el dolor nos hacen madurar\u201d. Seg\u00fan el Dr. Guti\u00e9rrez Rojas, \u201cvivimos en un mundo simplista dominado por las redes sociales\u201d, que cambian nuestra percepci\u00f3n del mundo.<br>En la vida real hay fracasos y \u201ctenemos defectos, que nos deben hacer m\u00e1s tolerantes\u201d.<br>Encontrarse con el dolor es inevitable, y por eso es muy importante la actitud: \u201cLos costaleros de los pasos, por ejemplo, no se quejan del dolor\u201d.<br>El profesor Guti\u00e9rrez Rojas advirti\u00f3 que la primera causa de muerte de chicos menores de 18 a\u00f1os es el suicidio, por lo que resulta decisivo aprender a encajar los contratiempos o las dificultades sin que nos derriben. En esa l\u00ednea mostr\u00f3 su agradecimiento a los tres campos de trabajo de un mes realizados en Kenia durante sus a\u00f1os universitarios: borraron muchos miedos y preocupaciones personales, y le prepararon para la vida.<\/p>\n\n\n\n<figure class=\"wp-block-gallery has-nested-images columns-default is-cropped wp-block-gallery-1 is-layout-flex wp-block-gallery-is-layout-flex\">\n<figure class=\"wp-block-image size-large\"><a href=\"https:\/\/estila.org\/residencia\/wp-content\/uploads\/2026\/03\/WhatsApp-Image-2026-03-04-at-13.16.52.jpeg\"><img fetchpriority=\"high\" decoding=\"async\" width=\"1024\" height=\"682\" data-id=\"7751\" src=\"https:\/\/estila.org\/residencia\/wp-content\/uploads\/2026\/03\/WhatsApp-Image-2026-03-04-at-13.16.52-1024x682.jpeg\" alt=\"\" class=\"wp-image-7751\" srcset=\"https:\/\/estila.org\/residencia\/wp-content\/uploads\/2026\/03\/WhatsApp-Image-2026-03-04-at-13.16.52-1024x682.jpeg 1024w, https:\/\/estila.org\/residencia\/wp-content\/uploads\/2026\/03\/WhatsApp-Image-2026-03-04-at-13.16.52-300x200.jpeg 300w, https:\/\/estila.org\/residencia\/wp-content\/uploads\/2026\/03\/WhatsApp-Image-2026-03-04-at-13.16.52-768x512.jpeg 768w, https:\/\/estila.org\/residencia\/wp-content\/uploads\/2026\/03\/WhatsApp-Image-2026-03-04-at-13.16.52-1536x1023.jpeg 1536w, https:\/\/estila.org\/residencia\/wp-content\/uploads\/2026\/03\/WhatsApp-Image-2026-03-04-at-13.16.52.jpeg 1600w\" sizes=\"(max-width: 1024px) 100vw, 1024px\" title=\"Luis Guti\u00e9rrez Rojas: \u201cLas dificultades y el dolor hacen madurar\u201d Residencia Universitaria en Santiago de Compostela y Colegio Mayor\" \/><\/a><\/figure>\n\n\n\n<figure class=\"wp-block-image size-large\"><a href=\"https:\/\/estila.org\/residencia\/wp-content\/uploads\/2026\/03\/WhatsApp-Image-2026-03-04-at-13.16.53.jpeg\"><img decoding=\"async\" width=\"1024\" height=\"682\" data-id=\"7753\" src=\"https:\/\/estila.org\/residencia\/wp-content\/uploads\/2026\/03\/WhatsApp-Image-2026-03-04-at-13.16.53-1024x682.jpeg\" alt=\"\" class=\"wp-image-7753\" srcset=\"https:\/\/estila.org\/residencia\/wp-content\/uploads\/2026\/03\/WhatsApp-Image-2026-03-04-at-13.16.53-1024x682.jpeg 1024w, https:\/\/estila.org\/residencia\/wp-content\/uploads\/2026\/03\/WhatsApp-Image-2026-03-04-at-13.16.53-300x200.jpeg 300w, https:\/\/estila.org\/residencia\/wp-content\/uploads\/2026\/03\/WhatsApp-Image-2026-03-04-at-13.16.53-768x512.jpeg 768w, https:\/\/estila.org\/residencia\/wp-content\/uploads\/2026\/03\/WhatsApp-Image-2026-03-04-at-13.16.53-1536x1023.jpeg 1536w, https:\/\/estila.org\/residencia\/wp-content\/uploads\/2026\/03\/WhatsApp-Image-2026-03-04-at-13.16.53.jpeg 1600w\" sizes=\"(max-width: 1024px) 100vw, 1024px\" title=\"Luis Guti\u00e9rrez Rojas: \u201cLas dificultades y el dolor hacen madurar\u201d Residencia Universitaria en Santiago de Compostela y Colegio Mayor\" \/><\/a><\/figure>\n<\/figure>\n","protected":false},"excerpt":{"rendered":"<p>El profesor de Psiquiatr\u00eda en la Universidad de Granada y m\u00e9dico en el Hospital Cl\u00ednico San Cecilio nos ha explicado que la sobreprotecci\u00f3n y buscar siempre el camino m\u00e1s f\u00e1cil no son las mejores opciones pues \u201clas dificultades, los fracasos y el dolor nos hacen madurar\u201d. Seg\u00fan el Dr. Guti\u00e9rrez Rojas, \u201cvivimos en un mundo &#8230; <\/p>\n<p class=\"read-more-container\"><a title=\"Luis Guti\u00e9rrez Rojas: \u201cLas dificultades y el dolor hacen madurar\u201d\" class=\"read-more button\" href=\"https:\/\/estila.org\/residencia\/luis-gutierrez-rojas-las-dificultades-y-el-dolor-hacen-madurar\/#more-7750\" aria-label=\"Leer m\u00e1s sobre Luis Guti\u00e9rrez Rojas: \u201cLas dificultades y el dolor hacen madurar\u201d\">Leer m\u00e1s<\/a><\/p>\n","protected":false},"author":7,"featured_media":7752,"comment_status":"closed","ping_status":"closed","sticky":false,"template":"","format":"standard","meta":{"footnotes":""},"categories":[27],"tags":[],"class_list":["post-7750","post","type-post","status-publish","format-standard","has-post-thumbnail","hentry","category-noticias","infinite-scroll-item"],"aioseo_notices":[],"_links":{"self":[{"href":"https:\/\/estila.org\/residencia\/wp-json\/wp\/v2\/posts\/7750","targetHints":{"allow":["GET"]}}],"collection":[{"href":"https:\/\/estila.org\/residencia\/wp-json\/wp\/v2\/posts"}],"about":[{"href":"https:\/\/estila.org\/residencia\/wp-json\/wp\/v2\/types\/post"}],"author":[{"embeddable":true,"href":"https:\/\/estila.org\/residencia\/wp-json\/wp\/v2\/users\/7"}],"replies":[{"embeddable":true,"href":"https:\/\/estila.org\/residencia\/wp-json\/wp\/v2\/comments?post=7750"}],"version-history":[{"count":1,"href":"https:\/\/estila.org\/residencia\/wp-json\/wp\/v2\/posts\/7750\/revisions"}],"predecessor-version":[{"id":7754,"href":"https:\/\/estila.org\/residencia\/wp-json\/wp\/v2\/posts\/7750\/revisions\/7754"}],"wp:featuredmedia":[{"embeddable":true,"href":"https:\/\/estila.org\/residencia\/wp-json\/wp\/v2\/media\/7752"}],"wp:attachment":[{"href":"https:\/\/estila.org\/residencia\/wp-json\/wp\/v2\/media?parent=7750"}],"wp:term":[{"taxonomy":"category","embeddable":true,"href":"https:\/\/estila.org\/residencia\/wp-json\/wp\/v2\/categories?post=7750"},{"taxonomy":"post_tag","embeddable":true,"href":"https:\/\/estila.org\/residencia\/wp-json\/wp\/v2\/tags?post=7750"}],"curies":[{"name":"wp","href":"https:\/\/api.w.org\/{rel}","templated":true}]}}