{"id":7731,"date":"2026-03-02T10:31:32","date_gmt":"2026-03-02T10:31:32","guid":{"rendered":"https:\/\/estila.org\/residencia\/?p=7731"},"modified":"2026-03-02T10:31:33","modified_gmt":"2026-03-02T10:31:33","slug":"torneo-internacional-de-debate-kolvenbach","status":"publish","type":"post","link":"https:\/\/estila.org\/residencia\/torneo-internacional-de-debate-kolvenbach\/","title":{"rendered":"Torneo Internacional de Debate Kolvenbach"},"content":{"rendered":"\n<p>Nos hemos medido con gigantes en el Torneo Internacional de Debate Kolvenbach, celebrado en el Colegio Mayor San Agust\u00edn, en que ganaron la Universidad de Deusto y la Universidad Comillas. El director de nuestro Club de Debate, Adri\u00e1n Garc\u00eda Rico, lider\u00f3 con acierto a los nuevos valores, ahora ya consagrados: Demetrio Gonz\u00e1lez \u00c1lvarez, Javier Castro de Diego y Javier P\u00e9rez Valeiras. Hemos sido aplaudidos, hemos aprendido mucho, y ha sido un honor estar entre los diez equipos.<\/p>\n\n\n\n<figure class=\"wp-block-gallery has-nested-images columns-default is-cropped wp-block-gallery-1 is-layout-flex wp-block-gallery-is-layout-flex\">\n<figure class=\"wp-block-image size-large\"><a href=\"https:\/\/estila.org\/residencia\/wp-content\/uploads\/2026\/03\/WhatsApp-Image-2026-03-02-at-09.36.47-1.jpeg\"><img fetchpriority=\"high\" decoding=\"async\" width=\"768\" height=\"1024\" data-id=\"7732\" src=\"https:\/\/estila.org\/residencia\/wp-content\/uploads\/2026\/03\/WhatsApp-Image-2026-03-02-at-09.36.47-1-768x1024.jpeg\" alt=\"\" class=\"wp-image-7732\" srcset=\"https:\/\/estila.org\/residencia\/wp-content\/uploads\/2026\/03\/WhatsApp-Image-2026-03-02-at-09.36.47-1-768x1024.jpeg 768w, https:\/\/estila.org\/residencia\/wp-content\/uploads\/2026\/03\/WhatsApp-Image-2026-03-02-at-09.36.47-1-225x300.jpeg 225w, https:\/\/estila.org\/residencia\/wp-content\/uploads\/2026\/03\/WhatsApp-Image-2026-03-02-at-09.36.47-1-1152x1536.jpeg 1152w, https:\/\/estila.org\/residencia\/wp-content\/uploads\/2026\/03\/WhatsApp-Image-2026-03-02-at-09.36.47-1.jpeg 1200w\" sizes=\"(max-width: 768px) 100vw, 768px\" title=\"Torneo Internacional de Debate Kolvenbach Residencia Universitaria en Santiago de Compostela y Colegio Mayor\" \/><\/a><\/figure>\n\n\n\n<figure class=\"wp-block-image size-large\"><a href=\"https:\/\/estila.org\/residencia\/wp-content\/uploads\/2026\/03\/WhatsApp-Image-2026-03-02-at-09.36.47-2.jpeg\"><img decoding=\"async\" width=\"1024\" height=\"584\" data-id=\"7733\" src=\"https:\/\/estila.org\/residencia\/wp-content\/uploads\/2026\/03\/WhatsApp-Image-2026-03-02-at-09.36.47-2-1024x584.jpeg\" alt=\"\" class=\"wp-image-7733\" srcset=\"https:\/\/estila.org\/residencia\/wp-content\/uploads\/2026\/03\/WhatsApp-Image-2026-03-02-at-09.36.47-2-1024x584.jpeg 1024w, https:\/\/estila.org\/residencia\/wp-content\/uploads\/2026\/03\/WhatsApp-Image-2026-03-02-at-09.36.47-2-300x171.jpeg 300w, https:\/\/estila.org\/residencia\/wp-content\/uploads\/2026\/03\/WhatsApp-Image-2026-03-02-at-09.36.47-2-768x438.jpeg 768w, https:\/\/estila.org\/residencia\/wp-content\/uploads\/2026\/03\/WhatsApp-Image-2026-03-02-at-09.36.47-2-1536x876.jpeg 1536w, https:\/\/estila.org\/residencia\/wp-content\/uploads\/2026\/03\/WhatsApp-Image-2026-03-02-at-09.36.47-2.jpeg 1600w\" sizes=\"(max-width: 1024px) 100vw, 1024px\" title=\"Torneo Internacional de Debate Kolvenbach Residencia Universitaria en Santiago de Compostela y Colegio Mayor\" \/><\/a><\/figure>\n\n\n\n<figure class=\"wp-block-image size-large\"><a href=\"https:\/\/estila.org\/residencia\/wp-content\/uploads\/2026\/03\/WhatsApp-Image-2026-03-02-at-09.36.47.jpeg\"><img decoding=\"async\" width=\"1024\" height=\"768\" data-id=\"7734\" src=\"https:\/\/estila.org\/residencia\/wp-content\/uploads\/2026\/03\/WhatsApp-Image-2026-03-02-at-09.36.47-1024x768.jpeg\" alt=\"\" class=\"wp-image-7734\" srcset=\"https:\/\/estila.org\/residencia\/wp-content\/uploads\/2026\/03\/WhatsApp-Image-2026-03-02-at-09.36.47-1024x768.jpeg 1024w, https:\/\/estila.org\/residencia\/wp-content\/uploads\/2026\/03\/WhatsApp-Image-2026-03-02-at-09.36.47-300x225.jpeg 300w, https:\/\/estila.org\/residencia\/wp-content\/uploads\/2026\/03\/WhatsApp-Image-2026-03-02-at-09.36.47-768x576.jpeg 768w, https:\/\/estila.org\/residencia\/wp-content\/uploads\/2026\/03\/WhatsApp-Image-2026-03-02-at-09.36.47-1536x1152.jpeg 1536w, https:\/\/estila.org\/residencia\/wp-content\/uploads\/2026\/03\/WhatsApp-Image-2026-03-02-at-09.36.47.jpeg 1600w\" sizes=\"(max-width: 1024px) 100vw, 1024px\" title=\"Torneo Internacional de Debate Kolvenbach Residencia Universitaria en Santiago de Compostela y Colegio Mayor\" \/><\/a><\/figure>\n\n\n\n<figure class=\"wp-block-image size-large\"><a href=\"https:\/\/estila.org\/residencia\/wp-content\/uploads\/2026\/03\/WhatsApp-Image-2026-03-02-at-09.36.48-2.jpeg\"><img loading=\"lazy\" decoding=\"async\" width=\"768\" height=\"1024\" data-id=\"7736\" src=\"https:\/\/estila.org\/residencia\/wp-content\/uploads\/2026\/03\/WhatsApp-Image-2026-03-02-at-09.36.48-2-768x1024.jpeg\" alt=\"\" class=\"wp-image-7736\" srcset=\"https:\/\/estila.org\/residencia\/wp-content\/uploads\/2026\/03\/WhatsApp-Image-2026-03-02-at-09.36.48-2-768x1024.jpeg 768w, https:\/\/estila.org\/residencia\/wp-content\/uploads\/2026\/03\/WhatsApp-Image-2026-03-02-at-09.36.48-2-225x300.jpeg 225w, https:\/\/estila.org\/residencia\/wp-content\/uploads\/2026\/03\/WhatsApp-Image-2026-03-02-at-09.36.48-2-1152x1536.jpeg 1152w, https:\/\/estila.org\/residencia\/wp-content\/uploads\/2026\/03\/WhatsApp-Image-2026-03-02-at-09.36.48-2.jpeg 1200w\" sizes=\"(max-width: 768px) 100vw, 768px\" title=\"Torneo Internacional de Debate Kolvenbach Residencia Universitaria en Santiago de Compostela y Colegio Mayor\" \/><\/a><\/figure>\n\n\n\n<figure class=\"wp-block-image size-large\"><a href=\"https:\/\/estila.org\/residencia\/wp-content\/uploads\/2026\/03\/WhatsApp-Image-2026-03-02-at-09.36.48-3.jpeg\"><img loading=\"lazy\" decoding=\"async\" width=\"768\" height=\"1024\" data-id=\"7737\" src=\"https:\/\/estila.org\/residencia\/wp-content\/uploads\/2026\/03\/WhatsApp-Image-2026-03-02-at-09.36.48-3-768x1024.jpeg\" alt=\"\" class=\"wp-image-7737\" srcset=\"https:\/\/estila.org\/residencia\/wp-content\/uploads\/2026\/03\/WhatsApp-Image-2026-03-02-at-09.36.48-3-768x1024.jpeg 768w, https:\/\/estila.org\/residencia\/wp-content\/uploads\/2026\/03\/WhatsApp-Image-2026-03-02-at-09.36.48-3-225x300.jpeg 225w, https:\/\/estila.org\/residencia\/wp-content\/uploads\/2026\/03\/WhatsApp-Image-2026-03-02-at-09.36.48-3-1152x1536.jpeg 1152w, https:\/\/estila.org\/residencia\/wp-content\/uploads\/2026\/03\/WhatsApp-Image-2026-03-02-at-09.36.48-3.jpeg 1200w\" sizes=\"(max-width: 768px) 100vw, 768px\" title=\"Torneo Internacional de Debate Kolvenbach Residencia Universitaria en Santiago de Compostela y Colegio Mayor\" \/><\/a><\/figure>\n\n\n\n<figure class=\"wp-block-image size-large\"><a href=\"https:\/\/estila.org\/residencia\/wp-content\/uploads\/2026\/03\/WhatsApp-Image-2026-03-02-at-09.36.48.jpeg\"><img loading=\"lazy\" decoding=\"async\" width=\"740\" height=\"1024\" data-id=\"7738\" src=\"https:\/\/estila.org\/residencia\/wp-content\/uploads\/2026\/03\/WhatsApp-Image-2026-03-02-at-09.36.48-740x1024.jpeg\" alt=\"\" class=\"wp-image-7738\" srcset=\"https:\/\/estila.org\/residencia\/wp-content\/uploads\/2026\/03\/WhatsApp-Image-2026-03-02-at-09.36.48-740x1024.jpeg 740w, https:\/\/estila.org\/residencia\/wp-content\/uploads\/2026\/03\/WhatsApp-Image-2026-03-02-at-09.36.48-217x300.jpeg 217w, https:\/\/estila.org\/residencia\/wp-content\/uploads\/2026\/03\/WhatsApp-Image-2026-03-02-at-09.36.48-768x1063.jpeg 768w, https:\/\/estila.org\/residencia\/wp-content\/uploads\/2026\/03\/WhatsApp-Image-2026-03-02-at-09.36.48-1110x1536.jpeg 1110w, https:\/\/estila.org\/residencia\/wp-content\/uploads\/2026\/03\/WhatsApp-Image-2026-03-02-at-09.36.48.jpeg 1156w\" sizes=\"(max-width: 740px) 100vw, 740px\" title=\"Torneo Internacional de Debate Kolvenbach Residencia Universitaria en Santiago de Compostela y Colegio Mayor\" \/><\/a><\/figure>\n<\/figure>\n","protected":false},"excerpt":{"rendered":"<p>Nos hemos medido con gigantes en el Torneo Internacional de Debate Kolvenbach, celebrado en el Colegio Mayor San Agust\u00edn, en que ganaron la Universidad de Deusto y la Universidad Comillas. El director de nuestro Club de Debate, Adri\u00e1n Garc\u00eda Rico, lider\u00f3 con acierto a los nuevos valores, ahora ya consagrados: Demetrio Gonz\u00e1lez \u00c1lvarez, Javier Castro &#8230; <\/p>\n<p class=\"read-more-container\"><a title=\"Torneo Internacional de Debate Kolvenbach\" class=\"read-more button\" href=\"https:\/\/estila.org\/residencia\/torneo-internacional-de-debate-kolvenbach\/#more-7731\" aria-label=\"Leer m\u00e1s sobre Torneo Internacional de Debate Kolvenbach\">Leer m\u00e1s<\/a><\/p>\n","protected":false},"author":7,"featured_media":7735,"comment_status":"closed","ping_status":"closed","sticky":false,"template":"","format":"standard","meta":{"footnotes":""},"categories":[27],"tags":[],"class_list":["post-7731","post","type-post","status-publish","format-standard","has-post-thumbnail","hentry","category-noticias","infinite-scroll-item"],"aioseo_notices":[],"_links":{"self":[{"href":"https:\/\/estila.org\/residencia\/wp-json\/wp\/v2\/posts\/7731","targetHints":{"allow":["GET"]}}],"collection":[{"href":"https:\/\/estila.org\/residencia\/wp-json\/wp\/v2\/posts"}],"about":[{"href":"https:\/\/estila.org\/residencia\/wp-json\/wp\/v2\/types\/post"}],"author":[{"embeddable":true,"href":"https:\/\/estila.org\/residencia\/wp-json\/wp\/v2\/users\/7"}],"replies":[{"embeddable":true,"href":"https:\/\/estila.org\/residencia\/wp-json\/wp\/v2\/comments?post=7731"}],"version-history":[{"count":1,"href":"https:\/\/estila.org\/residencia\/wp-json\/wp\/v2\/posts\/7731\/revisions"}],"predecessor-version":[{"id":7739,"href":"https:\/\/estila.org\/residencia\/wp-json\/wp\/v2\/posts\/7731\/revisions\/7739"}],"wp:featuredmedia":[{"embeddable":true,"href":"https:\/\/estila.org\/residencia\/wp-json\/wp\/v2\/media\/7735"}],"wp:attachment":[{"href":"https:\/\/estila.org\/residencia\/wp-json\/wp\/v2\/media?parent=7731"}],"wp:term":[{"taxonomy":"category","embeddable":true,"href":"https:\/\/estila.org\/residencia\/wp-json\/wp\/v2\/categories?post=7731"},{"taxonomy":"post_tag","embeddable":true,"href":"https:\/\/estila.org\/residencia\/wp-json\/wp\/v2\/tags?post=7731"}],"curies":[{"name":"wp","href":"https:\/\/api.w.org\/{rel}","templated":true}]}}