{"id":7727,"date":"2026-02-20T09:40:36","date_gmt":"2026-02-20T09:40:36","guid":{"rendered":"https:\/\/estila.org\/residencia\/?p=7727"},"modified":"2026-02-20T09:40:37","modified_gmt":"2026-02-20T09:40:37","slug":"jornadas-de-colegios-mayores-en-granada","status":"publish","type":"post","link":"https:\/\/estila.org\/residencia\/jornadas-de-colegios-mayores-en-granada\/","title":{"rendered":"Jornadas de Colegios Mayores en Granada"},"content":{"rendered":"\n<p>Los tres miembros del Decanato, el Director y el Gerente estamos participando activamente en las XLVII Jornadas de Colegios Mayores que se celebran en la Universidad de Granada, con un total de 256 representantes de 74 colegios mayores de Espa\u00f1a, Italia y M\u00e9xico.<\/p>\n\n\n\n<p>Organizadas por el Consejo Nacional de Colegios Mayores, las jornadas convierten durante tres d\u00edas la instituci\u00f3n acad\u00e9mica granadina en epicentro del debate nacional e internacional sobre el presente y el futuro de la educaci\u00f3n superior. Las intervenciones est\u00e1n poniendo en valor el papel educativo, humano y social de los colegios mayores, m\u00e1s all\u00e1 del \u00e1mbito estrictamente acad\u00e9mico, como espacios fundamentales para la formaci\u00f3n integral del universitario.<\/p>\n","protected":false},"excerpt":{"rendered":"<p>Los tres miembros del Decanato, el Director y el Gerente estamos participando activamente en las XLVII Jornadas de Colegios Mayores que se celebran en la Universidad de Granada, con un total de 256 representantes de 74 colegios mayores de Espa\u00f1a, Italia y M\u00e9xico. Organizadas por el Consejo Nacional de Colegios Mayores, las jornadas convierten durante &#8230; <\/p>\n<p class=\"read-more-container\"><a title=\"Jornadas de Colegios Mayores en Granada\" class=\"read-more button\" href=\"https:\/\/estila.org\/residencia\/jornadas-de-colegios-mayores-en-granada\/#more-7727\" aria-label=\"Leer m\u00e1s sobre Jornadas de Colegios Mayores en Granada\">Leer m\u00e1s<\/a><\/p>\n","protected":false},"author":7,"featured_media":7728,"comment_status":"closed","ping_status":"closed","sticky":false,"template":"","format":"standard","meta":{"footnotes":""},"categories":[28,27],"tags":[],"class_list":["post-7727","post","type-post","status-publish","format-standard","has-post-thumbnail","hentry","category-actividades-la-estila","category-noticias","infinite-scroll-item"],"aioseo_notices":[],"_links":{"self":[{"href":"https:\/\/estila.org\/residencia\/wp-json\/wp\/v2\/posts\/7727","targetHints":{"allow":["GET"]}}],"collection":[{"href":"https:\/\/estila.org\/residencia\/wp-json\/wp\/v2\/posts"}],"about":[{"href":"https:\/\/estila.org\/residencia\/wp-json\/wp\/v2\/types\/post"}],"author":[{"embeddable":true,"href":"https:\/\/estila.org\/residencia\/wp-json\/wp\/v2\/users\/7"}],"replies":[{"embeddable":true,"href":"https:\/\/estila.org\/residencia\/wp-json\/wp\/v2\/comments?post=7727"}],"version-history":[{"count":1,"href":"https:\/\/estila.org\/residencia\/wp-json\/wp\/v2\/posts\/7727\/revisions"}],"predecessor-version":[{"id":7729,"href":"https:\/\/estila.org\/residencia\/wp-json\/wp\/v2\/posts\/7727\/revisions\/7729"}],"wp:featuredmedia":[{"embeddable":true,"href":"https:\/\/estila.org\/residencia\/wp-json\/wp\/v2\/media\/7728"}],"wp:attachment":[{"href":"https:\/\/estila.org\/residencia\/wp-json\/wp\/v2\/media?parent=7727"}],"wp:term":[{"taxonomy":"category","embeddable":true,"href":"https:\/\/estila.org\/residencia\/wp-json\/wp\/v2\/categories?post=7727"},{"taxonomy":"post_tag","embeddable":true,"href":"https:\/\/estila.org\/residencia\/wp-json\/wp\/v2\/tags?post=7727"}],"curies":[{"name":"wp","href":"https:\/\/api.w.org\/{rel}","templated":true}]}}