{"id":7721,"date":"2026-02-16T12:41:12","date_gmt":"2026-02-16T12:41:12","guid":{"rendered":"https:\/\/estila.org\/residencia\/?p=7721"},"modified":"2026-02-16T12:41:12","modified_gmt":"2026-02-16T12:41:12","slug":"desayunos-solidarios-bajo-la-lluvia","status":"publish","type":"post","link":"https:\/\/estila.org\/residencia\/desayunos-solidarios-bajo-la-lluvia\/","title":{"rendered":"Desayunos solidarios bajo la lluvia"},"content":{"rendered":"\n<p>Este invierno est\u00e1 lloviendo a c\u00e1ntaros, incluso los s\u00e1bados en que salimos para la actividad de Desayunos Solidarios con las personas sin hogar de Santiago de Compostela. Adem\u00e1s de las bolsas con caf\u00e9, leche, bizcochos y refrescos, esta vez nos llevamos una c\u00e1mara para atrapar la belleza de una Compostela desierta al cabo de un mes de lluvia. Por fortuna, disfrutamos una tregua, y una de las personas con las que estuvimos desayunando y charlando nos dio permiso para hacernos una foto juntos.<\/p>\n\n\n\n<figure class=\"wp-block-gallery has-nested-images columns-default is-cropped wp-block-gallery-1 is-layout-flex wp-block-gallery-is-layout-flex\">\n<figure class=\"wp-block-image size-large\"><a href=\"https:\/\/estila.org\/residencia\/wp-content\/uploads\/2026\/02\/WhatsApp-Image-2026-02-16-at-09.19.04-2.jpeg\"><img fetchpriority=\"high\" decoding=\"async\" width=\"1024\" height=\"682\" data-id=\"7723\" src=\"https:\/\/estila.org\/residencia\/wp-content\/uploads\/2026\/02\/WhatsApp-Image-2026-02-16-at-09.19.04-2-1024x682.jpeg\" alt=\"\" class=\"wp-image-7723\" srcset=\"https:\/\/estila.org\/residencia\/wp-content\/uploads\/2026\/02\/WhatsApp-Image-2026-02-16-at-09.19.04-2-1024x682.jpeg 1024w, https:\/\/estila.org\/residencia\/wp-content\/uploads\/2026\/02\/WhatsApp-Image-2026-02-16-at-09.19.04-2-300x200.jpeg 300w, https:\/\/estila.org\/residencia\/wp-content\/uploads\/2026\/02\/WhatsApp-Image-2026-02-16-at-09.19.04-2-768x512.jpeg 768w, https:\/\/estila.org\/residencia\/wp-content\/uploads\/2026\/02\/WhatsApp-Image-2026-02-16-at-09.19.04-2-1536x1023.jpeg 1536w, https:\/\/estila.org\/residencia\/wp-content\/uploads\/2026\/02\/WhatsApp-Image-2026-02-16-at-09.19.04-2.jpeg 1600w\" sizes=\"(max-width: 1024px) 100vw, 1024px\" title=\"Desayunos solidarios bajo la lluvia Residencia Universitaria en Santiago de Compostela y Colegio Mayor\" \/><\/a><\/figure>\n\n\n\n<figure class=\"wp-block-image size-large\"><a href=\"https:\/\/estila.org\/residencia\/wp-content\/uploads\/2026\/02\/WhatsApp-Image-2026-02-16-at-09.19.04.jpeg\"><img decoding=\"async\" width=\"1024\" height=\"682\" data-id=\"7724\" src=\"https:\/\/estila.org\/residencia\/wp-content\/uploads\/2026\/02\/WhatsApp-Image-2026-02-16-at-09.19.04-1024x682.jpeg\" alt=\"\" class=\"wp-image-7724\" srcset=\"https:\/\/estila.org\/residencia\/wp-content\/uploads\/2026\/02\/WhatsApp-Image-2026-02-16-at-09.19.04-1024x682.jpeg 1024w, https:\/\/estila.org\/residencia\/wp-content\/uploads\/2026\/02\/WhatsApp-Image-2026-02-16-at-09.19.04-300x200.jpeg 300w, https:\/\/estila.org\/residencia\/wp-content\/uploads\/2026\/02\/WhatsApp-Image-2026-02-16-at-09.19.04-768x512.jpeg 768w, https:\/\/estila.org\/residencia\/wp-content\/uploads\/2026\/02\/WhatsApp-Image-2026-02-16-at-09.19.04-1536x1023.jpeg 1536w, https:\/\/estila.org\/residencia\/wp-content\/uploads\/2026\/02\/WhatsApp-Image-2026-02-16-at-09.19.04.jpeg 1600w\" sizes=\"(max-width: 1024px) 100vw, 1024px\" title=\"Desayunos solidarios bajo la lluvia Residencia Universitaria en Santiago de Compostela y Colegio Mayor\" \/><\/a><\/figure>\n<\/figure>\n","protected":false},"excerpt":{"rendered":"<p>Este invierno est\u00e1 lloviendo a c\u00e1ntaros, incluso los s\u00e1bados en que salimos para la actividad de Desayunos Solidarios con las personas sin hogar de Santiago de Compostela. Adem\u00e1s de las bolsas con caf\u00e9, leche, bizcochos y refrescos, esta vez nos llevamos una c\u00e1mara para atrapar la belleza de una Compostela desierta al cabo de un &#8230; <\/p>\n<p class=\"read-more-container\"><a title=\"Desayunos solidarios bajo la lluvia\" class=\"read-more button\" href=\"https:\/\/estila.org\/residencia\/desayunos-solidarios-bajo-la-lluvia\/#more-7721\" aria-label=\"Leer m\u00e1s sobre Desayunos solidarios bajo la lluvia\">Leer m\u00e1s<\/a><\/p>\n","protected":false},"author":7,"featured_media":7722,"comment_status":"closed","ping_status":"closed","sticky":false,"template":"","format":"standard","meta":{"footnotes":""},"categories":[28,27],"tags":[],"class_list":["post-7721","post","type-post","status-publish","format-standard","has-post-thumbnail","hentry","category-actividades-la-estila","category-noticias","infinite-scroll-item"],"aioseo_notices":[],"_links":{"self":[{"href":"https:\/\/estila.org\/residencia\/wp-json\/wp\/v2\/posts\/7721","targetHints":{"allow":["GET"]}}],"collection":[{"href":"https:\/\/estila.org\/residencia\/wp-json\/wp\/v2\/posts"}],"about":[{"href":"https:\/\/estila.org\/residencia\/wp-json\/wp\/v2\/types\/post"}],"author":[{"embeddable":true,"href":"https:\/\/estila.org\/residencia\/wp-json\/wp\/v2\/users\/7"}],"replies":[{"embeddable":true,"href":"https:\/\/estila.org\/residencia\/wp-json\/wp\/v2\/comments?post=7721"}],"version-history":[{"count":1,"href":"https:\/\/estila.org\/residencia\/wp-json\/wp\/v2\/posts\/7721\/revisions"}],"predecessor-version":[{"id":7725,"href":"https:\/\/estila.org\/residencia\/wp-json\/wp\/v2\/posts\/7721\/revisions\/7725"}],"wp:featuredmedia":[{"embeddable":true,"href":"https:\/\/estila.org\/residencia\/wp-json\/wp\/v2\/media\/7722"}],"wp:attachment":[{"href":"https:\/\/estila.org\/residencia\/wp-json\/wp\/v2\/media?parent=7721"}],"wp:term":[{"taxonomy":"category","embeddable":true,"href":"https:\/\/estila.org\/residencia\/wp-json\/wp\/v2\/categories?post=7721"},{"taxonomy":"post_tag","embeddable":true,"href":"https:\/\/estila.org\/residencia\/wp-json\/wp\/v2\/tags?post=7721"}],"curies":[{"name":"wp","href":"https:\/\/api.w.org\/{rel}","templated":true}]}}