{"id":7702,"date":"2026-02-10T09:18:48","date_gmt":"2026-02-10T09:18:48","guid":{"rendered":"https:\/\/estila.org\/residencia\/?p=7702"},"modified":"2026-02-12T08:44:48","modified_gmt":"2026-02-12T08:44:48","slug":"iv-jornada-de-medicina-te-atreves-a-pensar","status":"publish","type":"post","link":"https:\/\/estila.org\/residencia\/iv-jornada-de-medicina-te-atreves-a-pensar\/","title":{"rendered":"IV JORNADA DE MEDICINA: \u00bfTe atreves a pensar?"},"content":{"rendered":"\n<p>En la mejor tradici\u00f3n de m\u00e9dicos cient\u00edficos y a la vez humanistas, la IV Jornada de Medicina, convocada bajo el t\u00edtulo \u201c\u00bfTe atreves a pensar?\u201d, permiti\u00f3 a seis prestigiosos especialistas y cuarenta estudiantes hacerlo juntos en el Colegio Mayor La Estila y disfrutar de un enriquecimiento mutuo.<\/p>\n\n\n\n<p>El Dr. Jonathan Varela, especialista en Cirug\u00eda Pl\u00e1stica, Est\u00e9tica y Reparadora, abord\u00f3 el tema \u201cDe la Universidad al quir\u00f3fano\u201d desmintiendo humor\u00edsticamente algunos t\u00f3picos, pues la especialidad no est\u00e1 centrada en realzar bustos como piensan algunos. Comentando su experiencia propia afirm\u00f3 que es normal tener miedo antes de entrar en un terreno que incluye recomponer los rostros de v\u00edctimas de accidentes y otras tareas dif\u00edciles, pero vale la pena.<\/p>\n\n\n\n<p>La mesa redonda sobre \u201cQu\u00e9 significa ponerse la bata\u201d permiti\u00f3 reflexionar sobre la profesi\u00f3n m\u00e9dica desde la experiencia real, eliminando visiones idealizadas, e incluyendo la perspectiva humana. Bajo la gu\u00eda del Dr. \u00c1lvaro Hermida, especialista en Medicina Interna y vicedecano de Medicina, lo hicieron la Dra. Carmen Vidal, catedr\u00e1tica y jefa del servicio de Alergolog\u00eda del CHUS; el Dr. Daniel Otero, especialista en Cirug\u00eda Tor\u00e1cica del CHUS; y el Dr. Jes\u00fas Pino, profesor de Traumatolog\u00eda y Cirug\u00eda Ortop\u00e9dica. Al final, cada uno de los participantes dio un consejo pr\u00e1ctico a los estudiantes para tener presente en toda la carrera.<\/p>\n\n\n\n<p>A su vez, en \u201cEl rinc\u00f3n del anestesista\u201d el Dr. Guillermo Puig, especialista en Anestesia y Reanimaci\u00f3n del hospital universitario de Bellvitge, explic\u00f3 el modo en que facilitan al cirujano hacer su trabajo en condiciones \u00f3ptimas, y las tareas fuera del quir\u00f3fano como reanimaci\u00f3n y tratamiento del dolor.<\/p>\n\n\n\n<p>Finalmente, Nu\u00f1o Cabellos Bernal, estudiante de tercer curso y director del Club de Medicina del Colegio Mayor La Estila, agradeci\u00f3 la participaci\u00f3n entusiasta de ponentes y alumnos, dedicando tambi\u00e9n un simp\u00e1tico recuerdo a los que le precedieron en la organizaci\u00f3n de las tres jornadas anteriores.<\/p>\n\n\n\n<figure class=\"wp-block-embed is-type-video is-provider-youtube wp-block-embed-youtube wp-embed-aspect-16-9 wp-has-aspect-ratio\"><div class=\"wp-block-embed__wrapper\">\n<iframe title=\"Resumen IV Jornada de Medicina\" width=\"1200\" height=\"675\" src=\"https:\/\/www.youtube.com\/embed\/u8lBguKndik?feature=oembed&#038;enablejsapi=1&#038;origin=https:\/\/estila.org\" frameborder=\"0\" allow=\"accelerometer; autoplay; clipboard-write; encrypted-media; gyroscope; picture-in-picture; web-share\" referrerpolicy=\"strict-origin-when-cross-origin\" allowfullscreen><\/iframe>\n<\/div><\/figure>\n\n\n\n<p><\/p>\n\n\n\n<figure class=\"wp-block-gallery has-nested-images columns-default is-cropped wp-block-gallery-1 is-layout-flex wp-block-gallery-is-layout-flex\">\n<figure class=\"wp-block-image size-large\"><a href=\"https:\/\/estila.org\/residencia\/wp-content\/uploads\/2026\/02\/WhatsApp-Image-2026-02-10-at-10.05.44.jpeg\"><img fetchpriority=\"high\" decoding=\"async\" width=\"1024\" height=\"768\" data-id=\"7703\" src=\"https:\/\/estila.org\/residencia\/wp-content\/uploads\/2026\/02\/WhatsApp-Image-2026-02-10-at-10.05.44-1024x768.jpeg\" alt=\"\" class=\"wp-image-7703\" srcset=\"https:\/\/estila.org\/residencia\/wp-content\/uploads\/2026\/02\/WhatsApp-Image-2026-02-10-at-10.05.44-1024x768.jpeg 1024w, https:\/\/estila.org\/residencia\/wp-content\/uploads\/2026\/02\/WhatsApp-Image-2026-02-10-at-10.05.44-300x225.jpeg 300w, https:\/\/estila.org\/residencia\/wp-content\/uploads\/2026\/02\/WhatsApp-Image-2026-02-10-at-10.05.44-768x576.jpeg 768w, https:\/\/estila.org\/residencia\/wp-content\/uploads\/2026\/02\/WhatsApp-Image-2026-02-10-at-10.05.44-1536x1152.jpeg 1536w, https:\/\/estila.org\/residencia\/wp-content\/uploads\/2026\/02\/WhatsApp-Image-2026-02-10-at-10.05.44.jpeg 1600w\" sizes=\"(max-width: 1024px) 100vw, 1024px\" title=\"IV JORNADA DE MEDICINA: \u00bfTe atreves a pensar? Residencia Universitaria en Santiago de Compostela y Colegio Mayor\" \/><\/a><\/figure>\n\n\n\n<figure class=\"wp-block-image size-large\"><a href=\"https:\/\/estila.org\/residencia\/wp-content\/uploads\/2026\/02\/WhatsApp-Image-2026-02-10-at-10.05.45-1.jpeg\"><img decoding=\"async\" width=\"1024\" height=\"768\" data-id=\"7704\" src=\"https:\/\/estila.org\/residencia\/wp-content\/uploads\/2026\/02\/WhatsApp-Image-2026-02-10-at-10.05.45-1-1024x768.jpeg\" alt=\"\" class=\"wp-image-7704\" srcset=\"https:\/\/estila.org\/residencia\/wp-content\/uploads\/2026\/02\/WhatsApp-Image-2026-02-10-at-10.05.45-1-1024x768.jpeg 1024w, https:\/\/estila.org\/residencia\/wp-content\/uploads\/2026\/02\/WhatsApp-Image-2026-02-10-at-10.05.45-1-300x225.jpeg 300w, https:\/\/estila.org\/residencia\/wp-content\/uploads\/2026\/02\/WhatsApp-Image-2026-02-10-at-10.05.45-1-768x576.jpeg 768w, https:\/\/estila.org\/residencia\/wp-content\/uploads\/2026\/02\/WhatsApp-Image-2026-02-10-at-10.05.45-1-1536x1152.jpeg 1536w, https:\/\/estila.org\/residencia\/wp-content\/uploads\/2026\/02\/WhatsApp-Image-2026-02-10-at-10.05.45-1.jpeg 1600w\" sizes=\"(max-width: 1024px) 100vw, 1024px\" title=\"IV JORNADA DE MEDICINA: \u00bfTe atreves a pensar? Residencia Universitaria en Santiago de Compostela y Colegio Mayor\" \/><\/a><\/figure>\n\n\n\n<figure class=\"wp-block-image size-large\"><a href=\"https:\/\/estila.org\/residencia\/wp-content\/uploads\/2026\/02\/WhatsApp-Image-2026-02-10-at-10.05.45-2.jpeg\"><img decoding=\"async\" width=\"1024\" height=\"768\" data-id=\"7705\" src=\"https:\/\/estila.org\/residencia\/wp-content\/uploads\/2026\/02\/WhatsApp-Image-2026-02-10-at-10.05.45-2-1024x768.jpeg\" alt=\"\" class=\"wp-image-7705\" srcset=\"https:\/\/estila.org\/residencia\/wp-content\/uploads\/2026\/02\/WhatsApp-Image-2026-02-10-at-10.05.45-2-1024x768.jpeg 1024w, https:\/\/estila.org\/residencia\/wp-content\/uploads\/2026\/02\/WhatsApp-Image-2026-02-10-at-10.05.45-2-300x225.jpeg 300w, https:\/\/estila.org\/residencia\/wp-content\/uploads\/2026\/02\/WhatsApp-Image-2026-02-10-at-10.05.45-2-768x576.jpeg 768w, https:\/\/estila.org\/residencia\/wp-content\/uploads\/2026\/02\/WhatsApp-Image-2026-02-10-at-10.05.45-2-1536x1152.jpeg 1536w, https:\/\/estila.org\/residencia\/wp-content\/uploads\/2026\/02\/WhatsApp-Image-2026-02-10-at-10.05.45-2.jpeg 1600w\" sizes=\"(max-width: 1024px) 100vw, 1024px\" title=\"IV JORNADA DE MEDICINA: \u00bfTe atreves a pensar? Residencia Universitaria en Santiago de Compostela y Colegio Mayor\" \/><\/a><\/figure>\n\n\n\n<figure class=\"wp-block-image size-large\"><a href=\"https:\/\/estila.org\/residencia\/wp-content\/uploads\/2026\/02\/WhatsApp-Image-2026-02-10-at-10.05.45.jpeg\"><img loading=\"lazy\" decoding=\"async\" width=\"1024\" height=\"768\" data-id=\"7707\" src=\"https:\/\/estila.org\/residencia\/wp-content\/uploads\/2026\/02\/WhatsApp-Image-2026-02-10-at-10.05.45-1024x768.jpeg\" alt=\"\" class=\"wp-image-7707\" srcset=\"https:\/\/estila.org\/residencia\/wp-content\/uploads\/2026\/02\/WhatsApp-Image-2026-02-10-at-10.05.45-1024x768.jpeg 1024w, https:\/\/estila.org\/residencia\/wp-content\/uploads\/2026\/02\/WhatsApp-Image-2026-02-10-at-10.05.45-300x225.jpeg 300w, https:\/\/estila.org\/residencia\/wp-content\/uploads\/2026\/02\/WhatsApp-Image-2026-02-10-at-10.05.45-768x576.jpeg 768w, https:\/\/estila.org\/residencia\/wp-content\/uploads\/2026\/02\/WhatsApp-Image-2026-02-10-at-10.05.45-1536x1152.jpeg 1536w, https:\/\/estila.org\/residencia\/wp-content\/uploads\/2026\/02\/WhatsApp-Image-2026-02-10-at-10.05.45.jpeg 1600w\" sizes=\"(max-width: 1024px) 100vw, 1024px\" title=\"IV JORNADA DE MEDICINA: \u00bfTe atreves a pensar? Residencia Universitaria en Santiago de Compostela y Colegio Mayor\" \/><\/a><\/figure>\n\n\n\n<figure class=\"wp-block-image size-large\"><a href=\"https:\/\/estila.org\/residencia\/wp-content\/uploads\/2026\/02\/WhatsApp-Image-2026-02-10-at-10.07.33.jpeg\"><img loading=\"lazy\" decoding=\"async\" width=\"410\" height=\"1024\" data-id=\"7708\" src=\"https:\/\/estila.org\/residencia\/wp-content\/uploads\/2026\/02\/WhatsApp-Image-2026-02-10-at-10.07.33-410x1024.jpeg\" alt=\"\" class=\"wp-image-7708\" srcset=\"https:\/\/estila.org\/residencia\/wp-content\/uploads\/2026\/02\/WhatsApp-Image-2026-02-10-at-10.07.33-410x1024.jpeg 410w, https:\/\/estila.org\/residencia\/wp-content\/uploads\/2026\/02\/WhatsApp-Image-2026-02-10-at-10.07.33-120x300.jpeg 120w, https:\/\/estila.org\/residencia\/wp-content\/uploads\/2026\/02\/WhatsApp-Image-2026-02-10-at-10.07.33.jpeg 640w\" sizes=\"(max-width: 410px) 100vw, 410px\" title=\"IV JORNADA DE MEDICINA: \u00bfTe atreves a pensar? Residencia Universitaria en Santiago de Compostela y Colegio Mayor\" \/><\/a><\/figure>\n<\/figure>\n","protected":false},"excerpt":{"rendered":"<p>En la mejor tradici\u00f3n de m\u00e9dicos cient\u00edficos y a la vez humanistas, la IV Jornada de Medicina, convocada bajo el t\u00edtulo \u201c\u00bfTe atreves a pensar?\u201d, permiti\u00f3 a seis prestigiosos especialistas y cuarenta estudiantes hacerlo juntos en el Colegio Mayor La Estila y disfrutar de un enriquecimiento mutuo. El Dr. Jonathan Varela, especialista en Cirug\u00eda Pl\u00e1stica, &#8230; <\/p>\n<p class=\"read-more-container\"><a title=\"IV JORNADA DE MEDICINA: \u00bfTe atreves a pensar?\" class=\"read-more button\" href=\"https:\/\/estila.org\/residencia\/iv-jornada-de-medicina-te-atreves-a-pensar\/#more-7702\" aria-label=\"Leer m\u00e1s sobre IV JORNADA DE MEDICINA: \u00bfTe atreves a pensar?\">Leer m\u00e1s<\/a><\/p>\n","protected":false},"author":7,"featured_media":7706,"comment_status":"closed","ping_status":"closed","sticky":false,"template":"","format":"standard","meta":{"footnotes":""},"categories":[28,27],"tags":[],"class_list":["post-7702","post","type-post","status-publish","format-standard","has-post-thumbnail","hentry","category-actividades-la-estila","category-noticias","infinite-scroll-item"],"aioseo_notices":[],"_links":{"self":[{"href":"https:\/\/estila.org\/residencia\/wp-json\/wp\/v2\/posts\/7702","targetHints":{"allow":["GET"]}}],"collection":[{"href":"https:\/\/estila.org\/residencia\/wp-json\/wp\/v2\/posts"}],"about":[{"href":"https:\/\/estila.org\/residencia\/wp-json\/wp\/v2\/types\/post"}],"author":[{"embeddable":true,"href":"https:\/\/estila.org\/residencia\/wp-json\/wp\/v2\/users\/7"}],"replies":[{"embeddable":true,"href":"https:\/\/estila.org\/residencia\/wp-json\/wp\/v2\/comments?post=7702"}],"version-history":[{"count":4,"href":"https:\/\/estila.org\/residencia\/wp-json\/wp\/v2\/posts\/7702\/revisions"}],"predecessor-version":[{"id":7714,"href":"https:\/\/estila.org\/residencia\/wp-json\/wp\/v2\/posts\/7702\/revisions\/7714"}],"wp:featuredmedia":[{"embeddable":true,"href":"https:\/\/estila.org\/residencia\/wp-json\/wp\/v2\/media\/7706"}],"wp:attachment":[{"href":"https:\/\/estila.org\/residencia\/wp-json\/wp\/v2\/media?parent=7702"}],"wp:term":[{"taxonomy":"category","embeddable":true,"href":"https:\/\/estila.org\/residencia\/wp-json\/wp\/v2\/categories?post=7702"},{"taxonomy":"post_tag","embeddable":true,"href":"https:\/\/estila.org\/residencia\/wp-json\/wp\/v2\/tags?post=7702"}],"curies":[{"name":"wp","href":"https:\/\/api.w.org\/{rel}","templated":true}]}}