{"id":7554,"date":"2025-12-09T10:44:03","date_gmt":"2025-12-09T10:44:03","guid":{"rendered":"https:\/\/estila.org\/residencia\/?p=7554"},"modified":"2025-12-09T10:44:04","modified_gmt":"2025-12-09T10:44:04","slug":"javier-nicolas-blanco-director-general-centro-comercial-as-cancelas","status":"publish","type":"post","link":"https:\/\/estila.org\/residencia\/javier-nicolas-blanco-director-general-centro-comercial-as-cancelas\/","title":{"rendered":"Javier Nicol\u00e1s Blanco, director general Centro Comercial As Cancelas"},"content":{"rendered":"\n<p>Dirigir un centro comercial con 120 tiendas y 7 millones de visitas anuales requiere talento e inteligencia adaptativa, como pudimos ver en la tertulia con Javier Nicol\u00e1s, director general de As Cancelas, el m\u00e1s cercano al Colegio Mayor Universitario La Estila. El aumento generalizado de las compras online los ha llevado a apostar por los restaurantes, cines y otros ambientes de socializaci\u00f3n en estas grandes superficies. A esto se a\u00f1ade la nueva oferta de servicios, como una cl\u00ednica dental en las pr\u00f3ximas semanas. En un mundo de redes y pantallas, los puntos de encuentro entre personas reales son cada vez m\u00e1s necesarios.<\/p>\n\n\n\n<figure class=\"wp-block-image size-large\"><a href=\"https:\/\/estila.org\/residencia\/wp-content\/uploads\/2025\/12\/WhatsApp-Image-2025-12-09-at-09.26.27.jpeg\"><img fetchpriority=\"high\" decoding=\"async\" width=\"1024\" height=\"768\" src=\"https:\/\/estila.org\/residencia\/wp-content\/uploads\/2025\/12\/WhatsApp-Image-2025-12-09-at-09.26.27-1024x768.jpeg\" alt=\"\" class=\"wp-image-7555\" srcset=\"https:\/\/estila.org\/residencia\/wp-content\/uploads\/2025\/12\/WhatsApp-Image-2025-12-09-at-09.26.27-1024x768.jpeg 1024w, https:\/\/estila.org\/residencia\/wp-content\/uploads\/2025\/12\/WhatsApp-Image-2025-12-09-at-09.26.27-300x225.jpeg 300w, https:\/\/estila.org\/residencia\/wp-content\/uploads\/2025\/12\/WhatsApp-Image-2025-12-09-at-09.26.27-768x576.jpeg 768w, https:\/\/estila.org\/residencia\/wp-content\/uploads\/2025\/12\/WhatsApp-Image-2025-12-09-at-09.26.27-1536x1152.jpeg 1536w, https:\/\/estila.org\/residencia\/wp-content\/uploads\/2025\/12\/WhatsApp-Image-2025-12-09-at-09.26.27.jpeg 1600w\" sizes=\"(max-width: 1024px) 100vw, 1024px\" title=\"Javier Nicol\u00e1s Blanco, director general Centro Comercial As Cancelas Residencia Universitaria en Santiago de Compostela y Colegio Mayor\" \/><\/a><\/figure>\n","protected":false},"excerpt":{"rendered":"<p>Dirigir un centro comercial con 120 tiendas y 7 millones de visitas anuales requiere talento e inteligencia adaptativa, como pudimos ver en la tertulia con Javier Nicol\u00e1s, director general de As Cancelas, el m\u00e1s cercano al Colegio Mayor Universitario La Estila. El aumento generalizado de las compras online los ha llevado a apostar por los &#8230; <\/p>\n<p class=\"read-more-container\"><a title=\"Javier Nicol\u00e1s Blanco, director general Centro Comercial As Cancelas\" class=\"read-more button\" href=\"https:\/\/estila.org\/residencia\/javier-nicolas-blanco-director-general-centro-comercial-as-cancelas\/#more-7554\" aria-label=\"Leer m\u00e1s sobre Javier Nicol\u00e1s Blanco, director general Centro Comercial As Cancelas\">Leer m\u00e1s<\/a><\/p>\n","protected":false},"author":7,"featured_media":7556,"comment_status":"closed","ping_status":"closed","sticky":false,"template":"","format":"standard","meta":{"footnotes":""},"categories":[27],"tags":[],"class_list":["post-7554","post","type-post","status-publish","format-standard","has-post-thumbnail","hentry","category-noticias","infinite-scroll-item"],"aioseo_notices":[],"_links":{"self":[{"href":"https:\/\/estila.org\/residencia\/wp-json\/wp\/v2\/posts\/7554","targetHints":{"allow":["GET"]}}],"collection":[{"href":"https:\/\/estila.org\/residencia\/wp-json\/wp\/v2\/posts"}],"about":[{"href":"https:\/\/estila.org\/residencia\/wp-json\/wp\/v2\/types\/post"}],"author":[{"embeddable":true,"href":"https:\/\/estila.org\/residencia\/wp-json\/wp\/v2\/users\/7"}],"replies":[{"embeddable":true,"href":"https:\/\/estila.org\/residencia\/wp-json\/wp\/v2\/comments?post=7554"}],"version-history":[{"count":1,"href":"https:\/\/estila.org\/residencia\/wp-json\/wp\/v2\/posts\/7554\/revisions"}],"predecessor-version":[{"id":7557,"href":"https:\/\/estila.org\/residencia\/wp-json\/wp\/v2\/posts\/7554\/revisions\/7557"}],"wp:featuredmedia":[{"embeddable":true,"href":"https:\/\/estila.org\/residencia\/wp-json\/wp\/v2\/media\/7556"}],"wp:attachment":[{"href":"https:\/\/estila.org\/residencia\/wp-json\/wp\/v2\/media?parent=7554"}],"wp:term":[{"taxonomy":"category","embeddable":true,"href":"https:\/\/estila.org\/residencia\/wp-json\/wp\/v2\/categories?post=7554"},{"taxonomy":"post_tag","embeddable":true,"href":"https:\/\/estila.org\/residencia\/wp-json\/wp\/v2\/tags?post=7554"}],"curies":[{"name":"wp","href":"https:\/\/api.w.org\/{rel}","templated":true}]}}