{"id":7535,"date":"2025-11-27T13:10:44","date_gmt":"2025-11-27T13:10:44","guid":{"rendered":"https:\/\/estila.org\/residencia\/?p=7535"},"modified":"2025-11-27T13:10:45","modified_gmt":"2025-11-27T13:10:45","slug":"visita-guiada-al-portico-de-la-gloria","status":"publish","type":"post","link":"https:\/\/estila.org\/residencia\/visita-guiada-al-portico-de-la-gloria\/","title":{"rendered":"Visita guiada al P\u00f3rtico de la Gloria"},"content":{"rendered":"\n<p>El \u00e9xtasis de los peregrinos a Compostela desde hace ocho siglos se vive ahora en las visitas guiadas al P\u00f3rtico de la Gloria, la gran joya del arte rom\u00e1nico, donde nos recibieron los profetas y los ap\u00f3stoles, en torno a Jesucristo y los bienaventurados del cielo. Son doscientos personajes singulares que muestran desde la sonrisa del joven profeta Daniel al gesto sereno de Santiago Zebedeo, con su bast\u00f3n de peregrino, en la columna central. Como en el P\u00f3rtico no se pueden tomar fotograf\u00eda, nos hicimos la de recuerdo antes de entrar en esa maravilla, para ir despu\u00e9s hasta la tumba de Santiago y dar el tradicional abrazo al Ap\u00f3stol.<\/p>\n\n\n\n<figure class=\"wp-block-gallery has-nested-images columns-default is-cropped wp-block-gallery-1 is-layout-flex wp-block-gallery-is-layout-flex\">\n<figure class=\"wp-block-image size-large\"><a href=\"https:\/\/estila.org\/residencia\/wp-content\/uploads\/2025\/11\/WhatsApp-Image-2025-11-26-at-10.48.27-1.jpeg\"><img fetchpriority=\"high\" decoding=\"async\" width=\"793\" height=\"475\" data-id=\"7536\" src=\"https:\/\/estila.org\/residencia\/wp-content\/uploads\/2025\/11\/WhatsApp-Image-2025-11-26-at-10.48.27-1.jpeg\" alt=\"\" class=\"wp-image-7536\" srcset=\"https:\/\/estila.org\/residencia\/wp-content\/uploads\/2025\/11\/WhatsApp-Image-2025-11-26-at-10.48.27-1.jpeg 793w, https:\/\/estila.org\/residencia\/wp-content\/uploads\/2025\/11\/WhatsApp-Image-2025-11-26-at-10.48.27-1-300x180.jpeg 300w, https:\/\/estila.org\/residencia\/wp-content\/uploads\/2025\/11\/WhatsApp-Image-2025-11-26-at-10.48.27-1-768x460.jpeg 768w\" sizes=\"(max-width: 793px) 100vw, 793px\" title=\"Visita guiada al P\u00f3rtico de la Gloria Residencia Universitaria en Santiago de Compostela y Colegio Mayor\" \/><\/a><\/figure>\n\n\n\n<figure class=\"wp-block-image size-large\"><a href=\"https:\/\/estila.org\/residencia\/wp-content\/uploads\/2025\/11\/WhatsApp-Image-2025-11-26-at-10.48.27-2.jpeg\"><img decoding=\"async\" width=\"880\" height=\"587\" data-id=\"7537\" src=\"https:\/\/estila.org\/residencia\/wp-content\/uploads\/2025\/11\/WhatsApp-Image-2025-11-26-at-10.48.27-2.jpeg\" alt=\"\" class=\"wp-image-7537\" srcset=\"https:\/\/estila.org\/residencia\/wp-content\/uploads\/2025\/11\/WhatsApp-Image-2025-11-26-at-10.48.27-2.jpeg 880w, https:\/\/estila.org\/residencia\/wp-content\/uploads\/2025\/11\/WhatsApp-Image-2025-11-26-at-10.48.27-2-300x200.jpeg 300w, https:\/\/estila.org\/residencia\/wp-content\/uploads\/2025\/11\/WhatsApp-Image-2025-11-26-at-10.48.27-2-768x512.jpeg 768w\" sizes=\"(max-width: 880px) 100vw, 880px\" title=\"Visita guiada al P\u00f3rtico de la Gloria Residencia Universitaria en Santiago de Compostela y Colegio Mayor\" \/><\/a><\/figure>\n<\/figure>\n","protected":false},"excerpt":{"rendered":"<p>El \u00e9xtasis de los peregrinos a Compostela desde hace ocho siglos se vive ahora en las visitas guiadas al P\u00f3rtico de la Gloria, la gran joya del arte rom\u00e1nico, donde nos recibieron los profetas y los ap\u00f3stoles, en torno a Jesucristo y los bienaventurados del cielo. Son doscientos personajes singulares que muestran desde la sonrisa &#8230; <\/p>\n<p class=\"read-more-container\"><a title=\"Visita guiada al P\u00f3rtico de la Gloria\" class=\"read-more button\" href=\"https:\/\/estila.org\/residencia\/visita-guiada-al-portico-de-la-gloria\/#more-7535\" aria-label=\"Leer m\u00e1s sobre Visita guiada al P\u00f3rtico de la Gloria\">Leer m\u00e1s<\/a><\/p>\n","protected":false},"author":7,"featured_media":7538,"comment_status":"closed","ping_status":"closed","sticky":false,"template":"","format":"standard","meta":{"footnotes":""},"categories":[28,27],"tags":[],"class_list":["post-7535","post","type-post","status-publish","format-standard","has-post-thumbnail","hentry","category-actividades-la-estila","category-noticias","infinite-scroll-item"],"aioseo_notices":[],"_links":{"self":[{"href":"https:\/\/estila.org\/residencia\/wp-json\/wp\/v2\/posts\/7535","targetHints":{"allow":["GET"]}}],"collection":[{"href":"https:\/\/estila.org\/residencia\/wp-json\/wp\/v2\/posts"}],"about":[{"href":"https:\/\/estila.org\/residencia\/wp-json\/wp\/v2\/types\/post"}],"author":[{"embeddable":true,"href":"https:\/\/estila.org\/residencia\/wp-json\/wp\/v2\/users\/7"}],"replies":[{"embeddable":true,"href":"https:\/\/estila.org\/residencia\/wp-json\/wp\/v2\/comments?post=7535"}],"version-history":[{"count":1,"href":"https:\/\/estila.org\/residencia\/wp-json\/wp\/v2\/posts\/7535\/revisions"}],"predecessor-version":[{"id":7539,"href":"https:\/\/estila.org\/residencia\/wp-json\/wp\/v2\/posts\/7535\/revisions\/7539"}],"wp:featuredmedia":[{"embeddable":true,"href":"https:\/\/estila.org\/residencia\/wp-json\/wp\/v2\/media\/7538"}],"wp:attachment":[{"href":"https:\/\/estila.org\/residencia\/wp-json\/wp\/v2\/media?parent=7535"}],"wp:term":[{"taxonomy":"category","embeddable":true,"href":"https:\/\/estila.org\/residencia\/wp-json\/wp\/v2\/categories?post=7535"},{"taxonomy":"post_tag","embeddable":true,"href":"https:\/\/estila.org\/residencia\/wp-json\/wp\/v2\/tags?post=7535"}],"curies":[{"name":"wp","href":"https:\/\/api.w.org\/{rel}","templated":true}]}}