{"id":7481,"date":"2025-11-03T09:55:21","date_gmt":"2025-11-03T09:55:21","guid":{"rendered":"https:\/\/estila.org\/residencia\/?p=7481"},"modified":"2025-11-03T09:55:22","modified_gmt":"2025-11-03T09:55:22","slug":"xose-manuel-barreira-el-arte-de-producir-peliculas","status":"publish","type":"post","link":"https:\/\/estila.org\/residencia\/xose-manuel-barreira-el-arte-de-producir-peliculas\/","title":{"rendered":"Xos\u00e9 Manuel Barreira, el arte de producir pel\u00edculas"},"content":{"rendered":"\n<p>Cuando alguien ha producido docenas de pel\u00edculas y espacios televisivos, y ha dado clases de masters audiovisuales en cinco universidades hay que escucharle como a un maestro. El productor de cine y televisi\u00f3n Xos\u00e9 Manuel Barreira nos ha explicado que \u201clas obras de arte se crean con la cabeza\u201d. Pero, sobre todo, nos ha ayudado a pensar. Hemos aprendido a ver m\u00e1s all\u00e1 de los actores, la m\u00fasica y los sobresaltos del gui\u00f3n. A disfrutar la obra entera. Un productor es, a la vez, ingeniero, empresario y artista. En cierto modo, es tambi\u00e9n como un director de orquesta.<\/p>\n\n\n\n<figure class=\"wp-block-image size-large\"><a href=\"https:\/\/estila.org\/residencia\/wp-content\/uploads\/2025\/11\/WhatsApp-Image-2025-11-03-at-10.44.24.jpeg\"><img fetchpriority=\"high\" decoding=\"async\" width=\"1024\" height=\"682\" src=\"https:\/\/estila.org\/residencia\/wp-content\/uploads\/2025\/11\/WhatsApp-Image-2025-11-03-at-10.44.24-1024x682.jpeg\" alt=\"\" class=\"wp-image-7483\" srcset=\"https:\/\/estila.org\/residencia\/wp-content\/uploads\/2025\/11\/WhatsApp-Image-2025-11-03-at-10.44.24-1024x682.jpeg 1024w, https:\/\/estila.org\/residencia\/wp-content\/uploads\/2025\/11\/WhatsApp-Image-2025-11-03-at-10.44.24-300x200.jpeg 300w, https:\/\/estila.org\/residencia\/wp-content\/uploads\/2025\/11\/WhatsApp-Image-2025-11-03-at-10.44.24-768x512.jpeg 768w, https:\/\/estila.org\/residencia\/wp-content\/uploads\/2025\/11\/WhatsApp-Image-2025-11-03-at-10.44.24-1536x1023.jpeg 1536w, https:\/\/estila.org\/residencia\/wp-content\/uploads\/2025\/11\/WhatsApp-Image-2025-11-03-at-10.44.24.jpeg 1600w\" sizes=\"(max-width: 1024px) 100vw, 1024px\" title=\"Xos\u00e9 Manuel Barreira, el arte de producir pel\u00edculas Residencia Universitaria en Santiago de Compostela y Colegio Mayor\" \/><\/a><\/figure>\n","protected":false},"excerpt":{"rendered":"<p>Cuando alguien ha producido docenas de pel\u00edculas y espacios televisivos, y ha dado clases de masters audiovisuales en cinco universidades hay que escucharle como a un maestro. El productor de cine y televisi\u00f3n Xos\u00e9 Manuel Barreira nos ha explicado que \u201clas obras de arte se crean con la cabeza\u201d. Pero, sobre todo, nos ha ayudado &#8230; <\/p>\n<p class=\"read-more-container\"><a title=\"Xos\u00e9 Manuel Barreira, el arte de producir pel\u00edculas\" class=\"read-more button\" href=\"https:\/\/estila.org\/residencia\/xose-manuel-barreira-el-arte-de-producir-peliculas\/#more-7481\" aria-label=\"Leer m\u00e1s sobre Xos\u00e9 Manuel Barreira, el arte de producir pel\u00edculas\">Leer m\u00e1s<\/a><\/p>\n","protected":false},"author":7,"featured_media":7482,"comment_status":"closed","ping_status":"closed","sticky":false,"template":"","format":"standard","meta":{"footnotes":""},"categories":[27],"tags":[],"class_list":["post-7481","post","type-post","status-publish","format-standard","has-post-thumbnail","hentry","category-noticias","infinite-scroll-item"],"aioseo_notices":[],"_links":{"self":[{"href":"https:\/\/estila.org\/residencia\/wp-json\/wp\/v2\/posts\/7481","targetHints":{"allow":["GET"]}}],"collection":[{"href":"https:\/\/estila.org\/residencia\/wp-json\/wp\/v2\/posts"}],"about":[{"href":"https:\/\/estila.org\/residencia\/wp-json\/wp\/v2\/types\/post"}],"author":[{"embeddable":true,"href":"https:\/\/estila.org\/residencia\/wp-json\/wp\/v2\/users\/7"}],"replies":[{"embeddable":true,"href":"https:\/\/estila.org\/residencia\/wp-json\/wp\/v2\/comments?post=7481"}],"version-history":[{"count":1,"href":"https:\/\/estila.org\/residencia\/wp-json\/wp\/v2\/posts\/7481\/revisions"}],"predecessor-version":[{"id":7484,"href":"https:\/\/estila.org\/residencia\/wp-json\/wp\/v2\/posts\/7481\/revisions\/7484"}],"wp:featuredmedia":[{"embeddable":true,"href":"https:\/\/estila.org\/residencia\/wp-json\/wp\/v2\/media\/7482"}],"wp:attachment":[{"href":"https:\/\/estila.org\/residencia\/wp-json\/wp\/v2\/media?parent=7481"}],"wp:term":[{"taxonomy":"category","embeddable":true,"href":"https:\/\/estila.org\/residencia\/wp-json\/wp\/v2\/categories?post=7481"},{"taxonomy":"post_tag","embeddable":true,"href":"https:\/\/estila.org\/residencia\/wp-json\/wp\/v2\/tags?post=7481"}],"curies":[{"name":"wp","href":"https:\/\/api.w.org\/{rel}","templated":true}]}}