{"id":7466,"date":"2025-10-29T12:18:46","date_gmt":"2025-10-29T12:18:46","guid":{"rendered":"https:\/\/estila.org\/residencia\/?p=7466"},"modified":"2025-10-29T12:18:47","modified_gmt":"2025-10-29T12:18:47","slug":"desayunos-solidarios-2","status":"publish","type":"post","link":"https:\/\/estila.org\/residencia\/desayunos-solidarios-2\/","title":{"rendered":"Desayunos Solidarios"},"content":{"rendered":"\n<p>\u00a1Tambi\u00e9n hemos reanudado los desayunos solidarios de los s\u00e1bados! Esta vez formamos dos equipos y nos repartimos \u00e1reas de la ciudad para llegar a m\u00e1s personas que piden limosna en las calles. Lo importante no es invitar a caf\u00e9, bizcochos y refrescos sino el rato de conversaci\u00f3n compartiendo tranquilamente el desayuno. En cada encuentro aprendemos mucho.<\/p>\n","protected":false},"excerpt":{"rendered":"<p>\u00a1Tambi\u00e9n hemos reanudado los desayunos solidarios de los s\u00e1bados! Esta vez formamos dos equipos y nos repartimos \u00e1reas de la ciudad para llegar a m\u00e1s personas que piden limosna en las calles. Lo importante no es invitar a caf\u00e9, bizcochos y refrescos sino el rato de conversaci\u00f3n compartiendo tranquilamente el desayuno. En cada encuentro aprendemos &#8230; <\/p>\n<p class=\"read-more-container\"><a title=\"Desayunos Solidarios\" class=\"read-more button\" href=\"https:\/\/estila.org\/residencia\/desayunos-solidarios-2\/#more-7466\" aria-label=\"Leer m\u00e1s sobre Desayunos Solidarios\">Leer m\u00e1s<\/a><\/p>\n","protected":false},"author":7,"featured_media":7468,"comment_status":"closed","ping_status":"closed","sticky":false,"template":"","format":"standard","meta":{"footnotes":""},"categories":[28,27],"tags":[],"class_list":["post-7466","post","type-post","status-publish","format-standard","has-post-thumbnail","hentry","category-actividades-la-estila","category-noticias","infinite-scroll-item"],"aioseo_notices":[],"_links":{"self":[{"href":"https:\/\/estila.org\/residencia\/wp-json\/wp\/v2\/posts\/7466","targetHints":{"allow":["GET"]}}],"collection":[{"href":"https:\/\/estila.org\/residencia\/wp-json\/wp\/v2\/posts"}],"about":[{"href":"https:\/\/estila.org\/residencia\/wp-json\/wp\/v2\/types\/post"}],"author":[{"embeddable":true,"href":"https:\/\/estila.org\/residencia\/wp-json\/wp\/v2\/users\/7"}],"replies":[{"embeddable":true,"href":"https:\/\/estila.org\/residencia\/wp-json\/wp\/v2\/comments?post=7466"}],"version-history":[{"count":1,"href":"https:\/\/estila.org\/residencia\/wp-json\/wp\/v2\/posts\/7466\/revisions"}],"predecessor-version":[{"id":7469,"href":"https:\/\/estila.org\/residencia\/wp-json\/wp\/v2\/posts\/7466\/revisions\/7469"}],"wp:featuredmedia":[{"embeddable":true,"href":"https:\/\/estila.org\/residencia\/wp-json\/wp\/v2\/media\/7468"}],"wp:attachment":[{"href":"https:\/\/estila.org\/residencia\/wp-json\/wp\/v2\/media?parent=7466"}],"wp:term":[{"taxonomy":"category","embeddable":true,"href":"https:\/\/estila.org\/residencia\/wp-json\/wp\/v2\/categories?post=7466"},{"taxonomy":"post_tag","embeddable":true,"href":"https:\/\/estila.org\/residencia\/wp-json\/wp\/v2\/tags?post=7466"}],"curies":[{"name":"wp","href":"https:\/\/api.w.org\/{rel}","templated":true}]}}