{"id":7368,"date":"2025-05-30T18:05:57","date_gmt":"2025-05-30T18:05:57","guid":{"rendered":"https:\/\/estila.org\/residencia\/?p=7368"},"modified":"2025-05-30T18:06:55","modified_gmt":"2025-05-30T18:06:55","slug":"entrega-del-viii-premio-vitrales-de-poesia-y-relato-corto","status":"publish","type":"post","link":"https:\/\/estila.org\/residencia\/entrega-del-viii-premio-vitrales-de-poesia-y-relato-corto\/","title":{"rendered":"Entrega del VIII Premio Vitrales de Poes\u00eda y Relato Corto"},"content":{"rendered":"\n<p>El escritor Alfredo Conde, la Directora General de FP de la Xunta de Galicia, Mar\u00eda Eugenia P\u00e9rez; el decano de Geograf\u00eda e Historia, Antonio M\u00edguez Macho; el director del Colegio Mayor La Estila, Miguel Jim\u00e9nez de los Galanes y el secretario del Centro Ram\u00f3n Pi\u00f1eiro, Armando Requeixo, entregaron los Premios Vitrales de Poes\u00eda y Relato Corto promovido por el CM La Estila en el Sal\u00f3n de Profesores de la Facultad de Geograf\u00eda e Historia de la Universidad de Santiago el 27 de mayo.<\/p>\n\n\n\n<p><br>El director del Colegio Mayor hizo entrega del Premio de Poes\u00eda a Sara Porto Puente, mientras que la Directora General de FP de la Xunta de Galicia entreg\u00f3 el de Relato Corto a Tania Poza Fern\u00e1ndez, entre los aplausos de los finalistas y los galardonados con segundo y tercer premio en cada categor\u00eda de este concurso literario bianual.<\/p>\n\n\n\n<p><br>El presentador televisivo Moncho Lemos y el actor Roberto Leal dieron lectura a las obras premiadas entre las 70 presentadas por j\u00f3venes universitarios de 18 a 25 a\u00f1os, en castellano o en gallego.<\/p>\n\n\n\n<figure class=\"wp-block-gallery has-nested-images columns-default is-cropped wp-block-gallery-1 is-layout-flex wp-block-gallery-is-layout-flex\">\n<figure class=\"wp-block-image size-large\"><a href=\"https:\/\/estila.org\/residencia\/wp-content\/uploads\/2025\/05\/WhatsApp-Image-2025-05-30-at-19.55.01.jpeg\"><img fetchpriority=\"high\" decoding=\"async\" width=\"1024\" height=\"768\" data-id=\"7374\" src=\"https:\/\/estila.org\/residencia\/wp-content\/uploads\/2025\/05\/WhatsApp-Image-2025-05-30-at-19.55.01-1024x768.jpeg\" alt=\"\" class=\"wp-image-7374\" srcset=\"https:\/\/estila.org\/residencia\/wp-content\/uploads\/2025\/05\/WhatsApp-Image-2025-05-30-at-19.55.01-1024x768.jpeg 1024w, https:\/\/estila.org\/residencia\/wp-content\/uploads\/2025\/05\/WhatsApp-Image-2025-05-30-at-19.55.01-300x225.jpeg 300w, https:\/\/estila.org\/residencia\/wp-content\/uploads\/2025\/05\/WhatsApp-Image-2025-05-30-at-19.55.01-768x576.jpeg 768w, https:\/\/estila.org\/residencia\/wp-content\/uploads\/2025\/05\/WhatsApp-Image-2025-05-30-at-19.55.01-1536x1152.jpeg 1536w, https:\/\/estila.org\/residencia\/wp-content\/uploads\/2025\/05\/WhatsApp-Image-2025-05-30-at-19.55.01.jpeg 1600w\" sizes=\"(max-width: 1024px) 100vw, 1024px\" title=\"Entrega del VIII Premio Vitrales de Poes\u00eda y Relato Corto Residencia Universitaria en Santiago de Compostela y Colegio Mayor\" \/><\/a><figcaption class=\"wp-element-caption\"><br><br>Alfredo Conde, Mar\u00eda Eugenia P\u00e9rez, Antonio M\u00edguez Macho, Miguel Jim\u00e9nez y Armando Requeixo.<br><\/figcaption><\/figure>\n\n\n\n<figure class=\"wp-block-image size-large\"><a href=\"https:\/\/estila.org\/residencia\/wp-content\/uploads\/2025\/05\/WhatsApp-Image-2025-05-30-at-19.55.01-5.jpeg\"><img decoding=\"async\" width=\"768\" height=\"1024\" data-id=\"7373\" src=\"https:\/\/estila.org\/residencia\/wp-content\/uploads\/2025\/05\/WhatsApp-Image-2025-05-30-at-19.55.01-5-768x1024.jpeg\" alt=\"\" class=\"wp-image-7373\" srcset=\"https:\/\/estila.org\/residencia\/wp-content\/uploads\/2025\/05\/WhatsApp-Image-2025-05-30-at-19.55.01-5-768x1024.jpeg 768w, https:\/\/estila.org\/residencia\/wp-content\/uploads\/2025\/05\/WhatsApp-Image-2025-05-30-at-19.55.01-5-225x300.jpeg 225w, https:\/\/estila.org\/residencia\/wp-content\/uploads\/2025\/05\/WhatsApp-Image-2025-05-30-at-19.55.01-5-1152x1536.jpeg 1152w, https:\/\/estila.org\/residencia\/wp-content\/uploads\/2025\/05\/WhatsApp-Image-2025-05-30-at-19.55.01-5.jpeg 1200w\" sizes=\"(max-width: 768px) 100vw, 768px\" title=\"Entrega del VIII Premio Vitrales de Poes\u00eda y Relato Corto Residencia Universitaria en Santiago de Compostela y Colegio Mayor\" \/><\/a><figcaption class=\"wp-element-caption\"><br><br>Primer Premio Relato Corto: Tania Poza Fern\u00e1ndez.<br><\/figcaption><\/figure>\n\n\n\n<figure class=\"wp-block-image size-large\"><a href=\"https:\/\/estila.org\/residencia\/wp-content\/uploads\/2025\/05\/WhatsApp-Image-2025-05-30-at-19.55.01-4.jpeg\"><img decoding=\"async\" width=\"768\" height=\"1024\" data-id=\"7372\" src=\"https:\/\/estila.org\/residencia\/wp-content\/uploads\/2025\/05\/WhatsApp-Image-2025-05-30-at-19.55.01-4-768x1024.jpeg\" alt=\"\" class=\"wp-image-7372\" srcset=\"https:\/\/estila.org\/residencia\/wp-content\/uploads\/2025\/05\/WhatsApp-Image-2025-05-30-at-19.55.01-4-768x1024.jpeg 768w, https:\/\/estila.org\/residencia\/wp-content\/uploads\/2025\/05\/WhatsApp-Image-2025-05-30-at-19.55.01-4-225x300.jpeg 225w, https:\/\/estila.org\/residencia\/wp-content\/uploads\/2025\/05\/WhatsApp-Image-2025-05-30-at-19.55.01-4-1152x1536.jpeg 1152w, https:\/\/estila.org\/residencia\/wp-content\/uploads\/2025\/05\/WhatsApp-Image-2025-05-30-at-19.55.01-4.jpeg 1200w\" sizes=\"(max-width: 768px) 100vw, 768px\" title=\"Entrega del VIII Premio Vitrales de Poes\u00eda y Relato Corto Residencia Universitaria en Santiago de Compostela y Colegio Mayor\" \/><\/a><figcaption class=\"wp-element-caption\"><br><br>Primer Premio Poesia: Sara Porto Puente.<br><\/figcaption><\/figure>\n\n\n\n<figure class=\"wp-block-image size-large\"><a href=\"https:\/\/estila.org\/residencia\/wp-content\/uploads\/2025\/05\/WhatsApp-Image-2025-05-30-at-19.55.01-3.jpeg\"><img loading=\"lazy\" decoding=\"async\" width=\"1024\" height=\"768\" data-id=\"7371\" src=\"https:\/\/estila.org\/residencia\/wp-content\/uploads\/2025\/05\/WhatsApp-Image-2025-05-30-at-19.55.01-3-1024x768.jpeg\" alt=\"\" class=\"wp-image-7371\" srcset=\"https:\/\/estila.org\/residencia\/wp-content\/uploads\/2025\/05\/WhatsApp-Image-2025-05-30-at-19.55.01-3-1024x768.jpeg 1024w, https:\/\/estila.org\/residencia\/wp-content\/uploads\/2025\/05\/WhatsApp-Image-2025-05-30-at-19.55.01-3-300x225.jpeg 300w, https:\/\/estila.org\/residencia\/wp-content\/uploads\/2025\/05\/WhatsApp-Image-2025-05-30-at-19.55.01-3-768x576.jpeg 768w, https:\/\/estila.org\/residencia\/wp-content\/uploads\/2025\/05\/WhatsApp-Image-2025-05-30-at-19.55.01-3-1536x1152.jpeg 1536w, https:\/\/estila.org\/residencia\/wp-content\/uploads\/2025\/05\/WhatsApp-Image-2025-05-30-at-19.55.01-3.jpeg 1600w\" sizes=\"(max-width: 1024px) 100vw, 1024px\" title=\"Entrega del VIII Premio Vitrales de Poes\u00eda y Relato Corto Residencia Universitaria en Santiago de Compostela y Colegio Mayor\" \/><\/a><figcaption class=\"wp-element-caption\"><br><br>Presentador Televisivo Moncho Lemos lee trabajos premiados.<br><\/figcaption><\/figure>\n\n\n\n<figure class=\"wp-block-image size-large\"><a href=\"https:\/\/estila.org\/residencia\/wp-content\/uploads\/2025\/05\/WhatsApp-Image-2025-05-30-at-19.55.01-1.jpeg\"><img loading=\"lazy\" decoding=\"async\" width=\"1024\" height=\"768\" data-id=\"7369\" src=\"https:\/\/estila.org\/residencia\/wp-content\/uploads\/2025\/05\/WhatsApp-Image-2025-05-30-at-19.55.01-1-1024x768.jpeg\" alt=\"\" class=\"wp-image-7369\" srcset=\"https:\/\/estila.org\/residencia\/wp-content\/uploads\/2025\/05\/WhatsApp-Image-2025-05-30-at-19.55.01-1-1024x768.jpeg 1024w, https:\/\/estila.org\/residencia\/wp-content\/uploads\/2025\/05\/WhatsApp-Image-2025-05-30-at-19.55.01-1-300x225.jpeg 300w, https:\/\/estila.org\/residencia\/wp-content\/uploads\/2025\/05\/WhatsApp-Image-2025-05-30-at-19.55.01-1-768x576.jpeg 768w, https:\/\/estila.org\/residencia\/wp-content\/uploads\/2025\/05\/WhatsApp-Image-2025-05-30-at-19.55.01-1-1536x1152.jpeg 1536w, https:\/\/estila.org\/residencia\/wp-content\/uploads\/2025\/05\/WhatsApp-Image-2025-05-30-at-19.55.01-1.jpeg 1600w\" sizes=\"(max-width: 1024px) 100vw, 1024px\" title=\"Entrega del VIII Premio Vitrales de Poes\u00eda y Relato Corto Residencia Universitaria en Santiago de Compostela y Colegio Mayor\" \/><\/a><figcaption class=\"wp-element-caption\"><br><br>Finalistas y publico.<\/figcaption><\/figure>\n\n\n\n<figure class=\"wp-block-image size-large\"><a href=\"https:\/\/estila.org\/residencia\/wp-content\/uploads\/2025\/04\/freepik__expand__25510.jpg\"><img loading=\"lazy\" decoding=\"async\" width=\"1024\" height=\"573\" data-id=\"7361\" src=\"https:\/\/estila.org\/residencia\/wp-content\/uploads\/2025\/04\/freepik__expand__25510-1024x573.jpg\" alt=\"\" class=\"wp-image-7361\" srcset=\"https:\/\/estila.org\/residencia\/wp-content\/uploads\/2025\/04\/freepik__expand__25510-1024x573.jpg 1024w, https:\/\/estila.org\/residencia\/wp-content\/uploads\/2025\/04\/freepik__expand__25510-300x168.jpg 300w, https:\/\/estila.org\/residencia\/wp-content\/uploads\/2025\/04\/freepik__expand__25510-768x430.jpg 768w, https:\/\/estila.org\/residencia\/wp-content\/uploads\/2025\/04\/freepik__expand__25510.jpg 1472w\" sizes=\"(max-width: 1024px) 100vw, 1024px\" title=\"Entrega del VIII Premio Vitrales de Poes\u00eda y Relato Corto Residencia Universitaria en Santiago de Compostela y Colegio Mayor\" \/><\/a><\/figure>\n<\/figure>\n","protected":false},"excerpt":{"rendered":"<p>El escritor Alfredo Conde, la Directora General de FP de la Xunta de Galicia, Mar\u00eda Eugenia P\u00e9rez; el decano de Geograf\u00eda e Historia, Antonio M\u00edguez Macho; el director del Colegio Mayor La Estila, Miguel Jim\u00e9nez de los Galanes y el secretario del Centro Ram\u00f3n Pi\u00f1eiro, Armando Requeixo, entregaron los Premios Vitrales de Poes\u00eda y Relato &#8230; <\/p>\n<p class=\"read-more-container\"><a title=\"Entrega del VIII Premio Vitrales de Poes\u00eda y Relato Corto\" class=\"read-more button\" href=\"https:\/\/estila.org\/residencia\/entrega-del-viii-premio-vitrales-de-poesia-y-relato-corto\/#more-7368\" aria-label=\"Leer m\u00e1s sobre Entrega del VIII Premio Vitrales de Poes\u00eda y Relato Corto\">Leer m\u00e1s<\/a><\/p>\n","protected":false},"author":7,"featured_media":7370,"comment_status":"closed","ping_status":"closed","sticky":false,"template":"","format":"standard","meta":{"footnotes":""},"categories":[28,27],"tags":[],"class_list":["post-7368","post","type-post","status-publish","format-standard","has-post-thumbnail","hentry","category-actividades-la-estila","category-noticias","infinite-scroll-item"],"aioseo_notices":[],"_links":{"self":[{"href":"https:\/\/estila.org\/residencia\/wp-json\/wp\/v2\/posts\/7368","targetHints":{"allow":["GET"]}}],"collection":[{"href":"https:\/\/estila.org\/residencia\/wp-json\/wp\/v2\/posts"}],"about":[{"href":"https:\/\/estila.org\/residencia\/wp-json\/wp\/v2\/types\/post"}],"author":[{"embeddable":true,"href":"https:\/\/estila.org\/residencia\/wp-json\/wp\/v2\/users\/7"}],"replies":[{"embeddable":true,"href":"https:\/\/estila.org\/residencia\/wp-json\/wp\/v2\/comments?post=7368"}],"version-history":[{"count":2,"href":"https:\/\/estila.org\/residencia\/wp-json\/wp\/v2\/posts\/7368\/revisions"}],"predecessor-version":[{"id":7376,"href":"https:\/\/estila.org\/residencia\/wp-json\/wp\/v2\/posts\/7368\/revisions\/7376"}],"wp:featuredmedia":[{"embeddable":true,"href":"https:\/\/estila.org\/residencia\/wp-json\/wp\/v2\/media\/7370"}],"wp:attachment":[{"href":"https:\/\/estila.org\/residencia\/wp-json\/wp\/v2\/media?parent=7368"}],"wp:term":[{"taxonomy":"category","embeddable":true,"href":"https:\/\/estila.org\/residencia\/wp-json\/wp\/v2\/categories?post=7368"},{"taxonomy":"post_tag","embeddable":true,"href":"https:\/\/estila.org\/residencia\/wp-json\/wp\/v2\/tags?post=7368"}],"curies":[{"name":"wp","href":"https:\/\/api.w.org\/{rel}","templated":true}]}}