{"id":7349,"date":"2025-03-31T08:19:26","date_gmt":"2025-03-31T08:19:26","guid":{"rendered":"https:\/\/estila.org\/residencia\/?p=7349"},"modified":"2025-03-31T08:19:27","modified_gmt":"2025-03-31T08:19:27","slug":"acto-de-imposicion-de-becas-2","status":"publish","type":"post","link":"https:\/\/estila.org\/residencia\/acto-de-imposicion-de-becas-2\/","title":{"rendered":"Acto de Imposici\u00f3n de Becas"},"content":{"rendered":"\n<p>El Acto Acad\u00e9mico de Imposici\u00f3n de Becas, con la lecci\u00f3n \u201cA Empresa en Galicia\u201d, del presidente de la Confederaci\u00f3n de Empresarios de Galicia (CEG), Juan Manuel Vieites, se celebr\u00f3 el 20 de marzo. Incluy\u00f3 la entrega de la Beca de Honor a la directora de C\u00e1ritas de Santiago de Compostela, Pilar Farjas Abad\u00eda, y al secretario general del Consejo de Colegios Mayores Universitarios de Espa\u00f1a, Carlos Garc\u00eda Gonz\u00e1lez.<\/p>\n\n\n\n<p>Recibieron la Beca Colegial los residentes del tercer a\u00f1o: Ra\u00fal Ortega Gonz\u00e1lez, Carlos Garc\u00eda Su\u00e1rez, Daniel Mel\u00e9ndez Gonz\u00e1lez, Javier Mel\u00e9ndez Gonz\u00e1lez, Francisco Amado Manzano, Daniel Fern\u00e1ndez Ballesteros, Juan Pablo Zandueta S\u00e1nchez, Miguel Vald\u00e9s Gonz\u00e1lez, V\u00edctor Jim\u00e9nez Aguilar y Lucas Albaladejo Reino. A su vez, los residentes de segundo a\u00f1o recibieron la insignia colegial.<\/p>\n\n\n\n<figure class=\"wp-block-gallery has-nested-images columns-default is-cropped wp-block-gallery-1 is-layout-flex wp-block-gallery-is-layout-flex\">\n<figure class=\"wp-block-image size-large\"><a href=\"https:\/\/estila.org\/residencia\/wp-content\/uploads\/2025\/03\/WhatsApp-Image-2025-03-28-at-13.22.48-1.jpeg\"><img fetchpriority=\"high\" decoding=\"async\" width=\"1024\" height=\"768\" data-id=\"7350\" src=\"https:\/\/estila.org\/residencia\/wp-content\/uploads\/2025\/03\/WhatsApp-Image-2025-03-28-at-13.22.48-1-1024x768.jpeg\" alt=\"\" class=\"wp-image-7350\" srcset=\"https:\/\/estila.org\/residencia\/wp-content\/uploads\/2025\/03\/WhatsApp-Image-2025-03-28-at-13.22.48-1-1024x768.jpeg 1024w, https:\/\/estila.org\/residencia\/wp-content\/uploads\/2025\/03\/WhatsApp-Image-2025-03-28-at-13.22.48-1-300x225.jpeg 300w, https:\/\/estila.org\/residencia\/wp-content\/uploads\/2025\/03\/WhatsApp-Image-2025-03-28-at-13.22.48-1-768x576.jpeg 768w, https:\/\/estila.org\/residencia\/wp-content\/uploads\/2025\/03\/WhatsApp-Image-2025-03-28-at-13.22.48-1-1536x1152.jpeg 1536w, https:\/\/estila.org\/residencia\/wp-content\/uploads\/2025\/03\/WhatsApp-Image-2025-03-28-at-13.22.48-1.jpeg 1600w\" sizes=\"(max-width: 1024px) 100vw, 1024px\" title=\"Acto de Imposici\u00f3n de Becas Residencia Universitaria en Santiago de Compostela y Colegio Mayor\" \/><\/a><\/figure>\n\n\n\n<figure class=\"wp-block-image size-large\"><a href=\"https:\/\/estila.org\/residencia\/wp-content\/uploads\/2025\/03\/WhatsApp-Image-2025-03-28-at-13.22.48-2.jpeg\"><img decoding=\"async\" width=\"1024\" height=\"768\" data-id=\"7351\" src=\"https:\/\/estila.org\/residencia\/wp-content\/uploads\/2025\/03\/WhatsApp-Image-2025-03-28-at-13.22.48-2-1024x768.jpeg\" alt=\"\" class=\"wp-image-7351\" srcset=\"https:\/\/estila.org\/residencia\/wp-content\/uploads\/2025\/03\/WhatsApp-Image-2025-03-28-at-13.22.48-2-1024x768.jpeg 1024w, https:\/\/estila.org\/residencia\/wp-content\/uploads\/2025\/03\/WhatsApp-Image-2025-03-28-at-13.22.48-2-300x225.jpeg 300w, https:\/\/estila.org\/residencia\/wp-content\/uploads\/2025\/03\/WhatsApp-Image-2025-03-28-at-13.22.48-2-768x576.jpeg 768w, https:\/\/estila.org\/residencia\/wp-content\/uploads\/2025\/03\/WhatsApp-Image-2025-03-28-at-13.22.48-2-1536x1152.jpeg 1536w, https:\/\/estila.org\/residencia\/wp-content\/uploads\/2025\/03\/WhatsApp-Image-2025-03-28-at-13.22.48-2.jpeg 1600w\" sizes=\"(max-width: 1024px) 100vw, 1024px\" title=\"Acto de Imposici\u00f3n de Becas Residencia Universitaria en Santiago de Compostela y Colegio Mayor\" \/><\/a><\/figure>\n\n\n\n<figure class=\"wp-block-image size-large\"><a href=\"https:\/\/estila.org\/residencia\/wp-content\/uploads\/2025\/03\/WhatsApp-Image-2025-03-28-at-13.22.48-3.jpeg\"><img decoding=\"async\" width=\"1024\" height=\"768\" data-id=\"7352\" src=\"https:\/\/estila.org\/residencia\/wp-content\/uploads\/2025\/03\/WhatsApp-Image-2025-03-28-at-13.22.48-3-1024x768.jpeg\" alt=\"\" class=\"wp-image-7352\" srcset=\"https:\/\/estila.org\/residencia\/wp-content\/uploads\/2025\/03\/WhatsApp-Image-2025-03-28-at-13.22.48-3-1024x768.jpeg 1024w, https:\/\/estila.org\/residencia\/wp-content\/uploads\/2025\/03\/WhatsApp-Image-2025-03-28-at-13.22.48-3-300x225.jpeg 300w, https:\/\/estila.org\/residencia\/wp-content\/uploads\/2025\/03\/WhatsApp-Image-2025-03-28-at-13.22.48-3-768x576.jpeg 768w, https:\/\/estila.org\/residencia\/wp-content\/uploads\/2025\/03\/WhatsApp-Image-2025-03-28-at-13.22.48-3-1536x1152.jpeg 1536w, https:\/\/estila.org\/residencia\/wp-content\/uploads\/2025\/03\/WhatsApp-Image-2025-03-28-at-13.22.48-3.jpeg 1600w\" sizes=\"(max-width: 1024px) 100vw, 1024px\" title=\"Acto de Imposici\u00f3n de Becas Residencia Universitaria en Santiago de Compostela y Colegio Mayor\" \/><\/a><\/figure>\n\n\n\n<figure class=\"wp-block-image size-large\"><a href=\"https:\/\/estila.org\/residencia\/wp-content\/uploads\/2025\/03\/WhatsApp-Image-2025-03-28-at-13.22.48-4.jpeg\"><img loading=\"lazy\" decoding=\"async\" width=\"1024\" height=\"768\" data-id=\"7353\" src=\"https:\/\/estila.org\/residencia\/wp-content\/uploads\/2025\/03\/WhatsApp-Image-2025-03-28-at-13.22.48-4-1024x768.jpeg\" alt=\"\" class=\"wp-image-7353\" srcset=\"https:\/\/estila.org\/residencia\/wp-content\/uploads\/2025\/03\/WhatsApp-Image-2025-03-28-at-13.22.48-4-1024x768.jpeg 1024w, https:\/\/estila.org\/residencia\/wp-content\/uploads\/2025\/03\/WhatsApp-Image-2025-03-28-at-13.22.48-4-300x225.jpeg 300w, https:\/\/estila.org\/residencia\/wp-content\/uploads\/2025\/03\/WhatsApp-Image-2025-03-28-at-13.22.48-4-768x576.jpeg 768w, https:\/\/estila.org\/residencia\/wp-content\/uploads\/2025\/03\/WhatsApp-Image-2025-03-28-at-13.22.48-4-1536x1152.jpeg 1536w, https:\/\/estila.org\/residencia\/wp-content\/uploads\/2025\/03\/WhatsApp-Image-2025-03-28-at-13.22.48-4.jpeg 1600w\" sizes=\"(max-width: 1024px) 100vw, 1024px\" title=\"Acto de Imposici\u00f3n de Becas Residencia Universitaria en Santiago de Compostela y Colegio Mayor\" \/><\/a><\/figure>\n\n\n\n<figure class=\"wp-block-image size-large\"><a href=\"https:\/\/estila.org\/residencia\/wp-content\/uploads\/2025\/03\/WhatsApp-Image-2025-03-28-at-13.22.48.jpeg\"><img loading=\"lazy\" decoding=\"async\" width=\"1024\" height=\"768\" data-id=\"7354\" src=\"https:\/\/estila.org\/residencia\/wp-content\/uploads\/2025\/03\/WhatsApp-Image-2025-03-28-at-13.22.48-1024x768.jpeg\" alt=\"\" class=\"wp-image-7354\" srcset=\"https:\/\/estila.org\/residencia\/wp-content\/uploads\/2025\/03\/WhatsApp-Image-2025-03-28-at-13.22.48-1024x768.jpeg 1024w, https:\/\/estila.org\/residencia\/wp-content\/uploads\/2025\/03\/WhatsApp-Image-2025-03-28-at-13.22.48-300x225.jpeg 300w, https:\/\/estila.org\/residencia\/wp-content\/uploads\/2025\/03\/WhatsApp-Image-2025-03-28-at-13.22.48-768x576.jpeg 768w, https:\/\/estila.org\/residencia\/wp-content\/uploads\/2025\/03\/WhatsApp-Image-2025-03-28-at-13.22.48-1536x1152.jpeg 1536w, https:\/\/estila.org\/residencia\/wp-content\/uploads\/2025\/03\/WhatsApp-Image-2025-03-28-at-13.22.48.jpeg 1600w\" sizes=\"(max-width: 1024px) 100vw, 1024px\" title=\"Acto de Imposici\u00f3n de Becas Residencia Universitaria en Santiago de Compostela y Colegio Mayor\" \/><\/a><\/figure>\n\n\n\n<figure class=\"wp-block-image size-large\"><a href=\"https:\/\/estila.org\/residencia\/wp-content\/uploads\/2025\/03\/WhatsApp-Image-2025-03-28-at-13.22.49-1.jpeg\"><img loading=\"lazy\" decoding=\"async\" width=\"1024\" height=\"768\" data-id=\"7355\" src=\"https:\/\/estila.org\/residencia\/wp-content\/uploads\/2025\/03\/WhatsApp-Image-2025-03-28-at-13.22.49-1-1024x768.jpeg\" alt=\"\" class=\"wp-image-7355\" srcset=\"https:\/\/estila.org\/residencia\/wp-content\/uploads\/2025\/03\/WhatsApp-Image-2025-03-28-at-13.22.49-1-1024x768.jpeg 1024w, https:\/\/estila.org\/residencia\/wp-content\/uploads\/2025\/03\/WhatsApp-Image-2025-03-28-at-13.22.49-1-300x225.jpeg 300w, https:\/\/estila.org\/residencia\/wp-content\/uploads\/2025\/03\/WhatsApp-Image-2025-03-28-at-13.22.49-1-768x576.jpeg 768w, https:\/\/estila.org\/residencia\/wp-content\/uploads\/2025\/03\/WhatsApp-Image-2025-03-28-at-13.22.49-1-1536x1152.jpeg 1536w, https:\/\/estila.org\/residencia\/wp-content\/uploads\/2025\/03\/WhatsApp-Image-2025-03-28-at-13.22.49-1.jpeg 1600w\" sizes=\"(max-width: 1024px) 100vw, 1024px\" title=\"Acto de Imposici\u00f3n de Becas Residencia Universitaria en Santiago de Compostela y Colegio Mayor\" \/><\/a><\/figure>\n\n\n\n<figure class=\"wp-block-image size-large\"><a href=\"https:\/\/estila.org\/residencia\/wp-content\/uploads\/2025\/03\/WhatsApp-Image-2025-03-28-at-13.22.49-2.jpeg\"><img loading=\"lazy\" decoding=\"async\" width=\"1024\" height=\"768\" data-id=\"7356\" src=\"https:\/\/estila.org\/residencia\/wp-content\/uploads\/2025\/03\/WhatsApp-Image-2025-03-28-at-13.22.49-2-1024x768.jpeg\" alt=\"\" class=\"wp-image-7356\" srcset=\"https:\/\/estila.org\/residencia\/wp-content\/uploads\/2025\/03\/WhatsApp-Image-2025-03-28-at-13.22.49-2-1024x768.jpeg 1024w, https:\/\/estila.org\/residencia\/wp-content\/uploads\/2025\/03\/WhatsApp-Image-2025-03-28-at-13.22.49-2-300x225.jpeg 300w, https:\/\/estila.org\/residencia\/wp-content\/uploads\/2025\/03\/WhatsApp-Image-2025-03-28-at-13.22.49-2-768x576.jpeg 768w, https:\/\/estila.org\/residencia\/wp-content\/uploads\/2025\/03\/WhatsApp-Image-2025-03-28-at-13.22.49-2-1536x1152.jpeg 1536w, https:\/\/estila.org\/residencia\/wp-content\/uploads\/2025\/03\/WhatsApp-Image-2025-03-28-at-13.22.49-2.jpeg 1600w\" sizes=\"(max-width: 1024px) 100vw, 1024px\" title=\"Acto de Imposici\u00f3n de Becas Residencia Universitaria en Santiago de Compostela y Colegio Mayor\" \/><\/a><\/figure>\n\n\n\n<figure class=\"wp-block-image size-large\"><a href=\"https:\/\/estila.org\/residencia\/wp-content\/uploads\/2025\/03\/WhatsApp-Image-2025-03-28-at-13.22.49.jpeg\"><img loading=\"lazy\" decoding=\"async\" width=\"1024\" height=\"768\" data-id=\"7357\" src=\"https:\/\/estila.org\/residencia\/wp-content\/uploads\/2025\/03\/WhatsApp-Image-2025-03-28-at-13.22.49-1024x768.jpeg\" alt=\"\" class=\"wp-image-7357\" srcset=\"https:\/\/estila.org\/residencia\/wp-content\/uploads\/2025\/03\/WhatsApp-Image-2025-03-28-at-13.22.49-1024x768.jpeg 1024w, https:\/\/estila.org\/residencia\/wp-content\/uploads\/2025\/03\/WhatsApp-Image-2025-03-28-at-13.22.49-300x225.jpeg 300w, https:\/\/estila.org\/residencia\/wp-content\/uploads\/2025\/03\/WhatsApp-Image-2025-03-28-at-13.22.49-768x576.jpeg 768w, https:\/\/estila.org\/residencia\/wp-content\/uploads\/2025\/03\/WhatsApp-Image-2025-03-28-at-13.22.49-1536x1152.jpeg 1536w, https:\/\/estila.org\/residencia\/wp-content\/uploads\/2025\/03\/WhatsApp-Image-2025-03-28-at-13.22.49.jpeg 1600w\" sizes=\"(max-width: 1024px) 100vw, 1024px\" title=\"Acto de Imposici\u00f3n de Becas Residencia Universitaria en Santiago de Compostela y Colegio Mayor\" \/><\/a><\/figure>\n<\/figure>\n","protected":false},"excerpt":{"rendered":"<p>El Acto Acad\u00e9mico de Imposici\u00f3n de Becas, con la lecci\u00f3n \u201cA Empresa en Galicia\u201d, del presidente de la Confederaci\u00f3n de Empresarios de Galicia (CEG), Juan Manuel Vieites, se celebr\u00f3 el 20 de marzo. Incluy\u00f3 la entrega de la Beca de Honor a la directora de C\u00e1ritas de Santiago de Compostela, Pilar Farjas Abad\u00eda, y al &#8230; <\/p>\n<p class=\"read-more-container\"><a title=\"Acto de Imposici\u00f3n de Becas\" class=\"read-more button\" href=\"https:\/\/estila.org\/residencia\/acto-de-imposicion-de-becas-2\/#more-7349\" aria-label=\"Leer m\u00e1s sobre Acto de Imposici\u00f3n de Becas\">Leer m\u00e1s<\/a><\/p>\n","protected":false},"author":7,"featured_media":7358,"comment_status":"closed","ping_status":"closed","sticky":false,"template":"","format":"standard","meta":{"footnotes":""},"categories":[27],"tags":[],"class_list":["post-7349","post","type-post","status-publish","format-standard","has-post-thumbnail","hentry","category-noticias","infinite-scroll-item"],"aioseo_notices":[],"_links":{"self":[{"href":"https:\/\/estila.org\/residencia\/wp-json\/wp\/v2\/posts\/7349","targetHints":{"allow":["GET"]}}],"collection":[{"href":"https:\/\/estila.org\/residencia\/wp-json\/wp\/v2\/posts"}],"about":[{"href":"https:\/\/estila.org\/residencia\/wp-json\/wp\/v2\/types\/post"}],"author":[{"embeddable":true,"href":"https:\/\/estila.org\/residencia\/wp-json\/wp\/v2\/users\/7"}],"replies":[{"embeddable":true,"href":"https:\/\/estila.org\/residencia\/wp-json\/wp\/v2\/comments?post=7349"}],"version-history":[{"count":1,"href":"https:\/\/estila.org\/residencia\/wp-json\/wp\/v2\/posts\/7349\/revisions"}],"predecessor-version":[{"id":7359,"href":"https:\/\/estila.org\/residencia\/wp-json\/wp\/v2\/posts\/7349\/revisions\/7359"}],"wp:featuredmedia":[{"embeddable":true,"href":"https:\/\/estila.org\/residencia\/wp-json\/wp\/v2\/media\/7358"}],"wp:attachment":[{"href":"https:\/\/estila.org\/residencia\/wp-json\/wp\/v2\/media?parent=7349"}],"wp:term":[{"taxonomy":"category","embeddable":true,"href":"https:\/\/estila.org\/residencia\/wp-json\/wp\/v2\/categories?post=7349"},{"taxonomy":"post_tag","embeddable":true,"href":"https:\/\/estila.org\/residencia\/wp-json\/wp\/v2\/tags?post=7349"}],"curies":[{"name":"wp","href":"https:\/\/api.w.org\/{rel}","templated":true}]}}