{"id":7262,"date":"2024-12-09T13:06:53","date_gmt":"2024-12-09T13:06:53","guid":{"rendered":"https:\/\/estila.org\/residencia\/?p=7262"},"modified":"2024-12-09T13:06:54","modified_gmt":"2024-12-09T13:06:54","slug":"abubingo","status":"publish","type":"post","link":"https:\/\/estila.org\/residencia\/abubingo\/","title":{"rendered":"\u00a1Abubingo!"},"content":{"rendered":"\n<p>Entre las actividades m\u00e1s simp\u00e1ticas del primer trimestre ha destacado el Abubingo, que organizamos cada dos semanas en la residencia de las Hermanitas de los Ancianos Desamparados, donde l\u00f3gicamente no se pueden hacer fotos a los participantes por privacidad. Aqu\u00ed vemos al equipo organizador, a punto de empezar. Este ha sido el \u00faltimo del a\u00f1o 2024, en un clima prenavide\u00f1o. Lo bonito es que, adem\u00e1s de pasar un buen rato, hay grandes aplausos para los ganadores\u2026 y bombones para todos.<\/p>\n","protected":false},"excerpt":{"rendered":"<p>Entre las actividades m\u00e1s simp\u00e1ticas del primer trimestre ha destacado el Abubingo, que organizamos cada dos semanas en la residencia de las Hermanitas de los Ancianos Desamparados, donde l\u00f3gicamente no se pueden hacer fotos a los participantes por privacidad. Aqu\u00ed vemos al equipo organizador, a punto de empezar. Este ha sido el \u00faltimo del a\u00f1o &#8230; <\/p>\n<p class=\"read-more-container\"><a title=\"\u00a1Abubingo!\" class=\"read-more button\" href=\"https:\/\/estila.org\/residencia\/abubingo\/#more-7262\" aria-label=\"Leer m\u00e1s sobre \u00a1Abubingo!\">Leer m\u00e1s<\/a><\/p>\n","protected":false},"author":7,"featured_media":7263,"comment_status":"closed","ping_status":"closed","sticky":false,"template":"","format":"standard","meta":{"footnotes":""},"categories":[28,27],"tags":[],"class_list":["post-7262","post","type-post","status-publish","format-standard","has-post-thumbnail","hentry","category-actividades-la-estila","category-noticias","infinite-scroll-item"],"aioseo_notices":[],"_links":{"self":[{"href":"https:\/\/estila.org\/residencia\/wp-json\/wp\/v2\/posts\/7262","targetHints":{"allow":["GET"]}}],"collection":[{"href":"https:\/\/estila.org\/residencia\/wp-json\/wp\/v2\/posts"}],"about":[{"href":"https:\/\/estila.org\/residencia\/wp-json\/wp\/v2\/types\/post"}],"author":[{"embeddable":true,"href":"https:\/\/estila.org\/residencia\/wp-json\/wp\/v2\/users\/7"}],"replies":[{"embeddable":true,"href":"https:\/\/estila.org\/residencia\/wp-json\/wp\/v2\/comments?post=7262"}],"version-history":[{"count":1,"href":"https:\/\/estila.org\/residencia\/wp-json\/wp\/v2\/posts\/7262\/revisions"}],"predecessor-version":[{"id":7264,"href":"https:\/\/estila.org\/residencia\/wp-json\/wp\/v2\/posts\/7262\/revisions\/7264"}],"wp:featuredmedia":[{"embeddable":true,"href":"https:\/\/estila.org\/residencia\/wp-json\/wp\/v2\/media\/7263"}],"wp:attachment":[{"href":"https:\/\/estila.org\/residencia\/wp-json\/wp\/v2\/media?parent=7262"}],"wp:term":[{"taxonomy":"category","embeddable":true,"href":"https:\/\/estila.org\/residencia\/wp-json\/wp\/v2\/categories?post=7262"},{"taxonomy":"post_tag","embeddable":true,"href":"https:\/\/estila.org\/residencia\/wp-json\/wp\/v2\/tags?post=7262"}],"curies":[{"name":"wp","href":"https:\/\/api.w.org\/{rel}","templated":true}]}}