{"id":7203,"date":"2024-10-24T15:46:55","date_gmt":"2024-10-24T15:46:55","guid":{"rendered":"https:\/\/estila.org\/residencia\/?p=7203"},"modified":"2024-10-24T15:49:01","modified_gmt":"2024-10-24T15:49:01","slug":"voluntariados","status":"publish","type":"post","link":"https:\/\/estila.org\/residencia\/voluntariados\/","title":{"rendered":"Voluntariado"},"content":{"rendered":"\n<p>En la residencia de las Hermanitas de los Ancianos Desamparados, para el \u201cAbubingo\u201d que organizamos cada dos semanas, con premios para los ganadores y bombones para todos. Son dos horas grat\u00edsimas pero, l\u00f3gicamente, no se pueden hacer fotos dentro por privacidad. Como recuerdo, la hacemos fuera, en el jard\u00edn con la estatua de la fundadora, santa Teresa de Jes\u00fas Jornet.<\/p>\n","protected":false},"excerpt":{"rendered":"<p>En la residencia de las Hermanitas de los Ancianos Desamparados, para el \u201cAbubingo\u201d que organizamos cada dos semanas, con premios para los ganadores y bombones para todos. Son dos horas grat\u00edsimas pero, l\u00f3gicamente, no se pueden hacer fotos dentro por privacidad. Como recuerdo, la hacemos fuera, en el jard\u00edn con la estatua de la fundadora, &#8230; <\/p>\n<p class=\"read-more-container\"><a title=\"Voluntariado\" class=\"read-more button\" href=\"https:\/\/estila.org\/residencia\/voluntariados\/#more-7203\" aria-label=\"Leer m\u00e1s sobre Voluntariado\">Leer m\u00e1s<\/a><\/p>\n","protected":false},"author":7,"featured_media":7204,"comment_status":"closed","ping_status":"closed","sticky":false,"template":"","format":"standard","meta":{"footnotes":""},"categories":[28,27],"tags":[],"class_list":["post-7203","post","type-post","status-publish","format-standard","has-post-thumbnail","hentry","category-actividades-la-estila","category-noticias","infinite-scroll-item"],"aioseo_notices":[],"_links":{"self":[{"href":"https:\/\/estila.org\/residencia\/wp-json\/wp\/v2\/posts\/7203","targetHints":{"allow":["GET"]}}],"collection":[{"href":"https:\/\/estila.org\/residencia\/wp-json\/wp\/v2\/posts"}],"about":[{"href":"https:\/\/estila.org\/residencia\/wp-json\/wp\/v2\/types\/post"}],"author":[{"embeddable":true,"href":"https:\/\/estila.org\/residencia\/wp-json\/wp\/v2\/users\/7"}],"replies":[{"embeddable":true,"href":"https:\/\/estila.org\/residencia\/wp-json\/wp\/v2\/comments?post=7203"}],"version-history":[{"count":1,"href":"https:\/\/estila.org\/residencia\/wp-json\/wp\/v2\/posts\/7203\/revisions"}],"predecessor-version":[{"id":7205,"href":"https:\/\/estila.org\/residencia\/wp-json\/wp\/v2\/posts\/7203\/revisions\/7205"}],"wp:featuredmedia":[{"embeddable":true,"href":"https:\/\/estila.org\/residencia\/wp-json\/wp\/v2\/media\/7204"}],"wp:attachment":[{"href":"https:\/\/estila.org\/residencia\/wp-json\/wp\/v2\/media?parent=7203"}],"wp:term":[{"taxonomy":"category","embeddable":true,"href":"https:\/\/estila.org\/residencia\/wp-json\/wp\/v2\/categories?post=7203"},{"taxonomy":"post_tag","embeddable":true,"href":"https:\/\/estila.org\/residencia\/wp-json\/wp\/v2\/tags?post=7203"}],"curies":[{"name":"wp","href":"https:\/\/api.w.org\/{rel}","templated":true}]}}