{"id":7200,"date":"2024-10-24T15:38:14","date_gmt":"2024-10-24T15:38:14","guid":{"rendered":"https:\/\/estila.org\/residencia\/?p=7200"},"modified":"2024-10-24T15:38:15","modified_gmt":"2024-10-24T15:38:15","slug":"visita-a-la-escuela-naval","status":"publish","type":"post","link":"https:\/\/estila.org\/residencia\/visita-a-la-escuela-naval\/","title":{"rendered":"Visita a la Escuela Naval"},"content":{"rendered":"\n<p>Nueve estudiantes de Medicina del Colegio Mayor La Estila hemos visitado la Escuela Naval Militar en Mar\u00edn para participar en una jornada sobre la primera expedici\u00f3n sanitaria internacional de la historia, organizada por el Dr. Balmis y la enfermera Isabel Zendal que se hizo a la mar desde el puerto de A Coru\u00f1a en 1803 para llevar la vacuna de la viruela a Canarias y todos los territorios espa\u00f1oles de Am\u00e9rica y Filipinas a lo largo de 3 a\u00f1os. El programa en la Escuela Naval incluy\u00f3 un almuerzo y un delicioso paseo en patrullera por la R\u00eda de Pontevedra.<\/p>\n","protected":false},"excerpt":{"rendered":"<p>Nueve estudiantes de Medicina del Colegio Mayor La Estila hemos visitado la Escuela Naval Militar en Mar\u00edn para participar en una jornada sobre la primera expedici\u00f3n sanitaria internacional de la historia, organizada por el Dr. Balmis y la enfermera Isabel Zendal que se hizo a la mar desde el puerto de A Coru\u00f1a en 1803 &#8230; <\/p>\n<p class=\"read-more-container\"><a title=\"Visita a la Escuela Naval\" class=\"read-more button\" href=\"https:\/\/estila.org\/residencia\/visita-a-la-escuela-naval\/#more-7200\" aria-label=\"Leer m\u00e1s sobre Visita a la Escuela Naval\">Leer m\u00e1s<\/a><\/p>\n","protected":false},"author":7,"featured_media":7201,"comment_status":"closed","ping_status":"closed","sticky":false,"template":"","format":"standard","meta":{"footnotes":""},"categories":[28,27],"tags":[],"class_list":["post-7200","post","type-post","status-publish","format-standard","has-post-thumbnail","hentry","category-actividades-la-estila","category-noticias","infinite-scroll-item"],"aioseo_notices":[],"_links":{"self":[{"href":"https:\/\/estila.org\/residencia\/wp-json\/wp\/v2\/posts\/7200","targetHints":{"allow":["GET"]}}],"collection":[{"href":"https:\/\/estila.org\/residencia\/wp-json\/wp\/v2\/posts"}],"about":[{"href":"https:\/\/estila.org\/residencia\/wp-json\/wp\/v2\/types\/post"}],"author":[{"embeddable":true,"href":"https:\/\/estila.org\/residencia\/wp-json\/wp\/v2\/users\/7"}],"replies":[{"embeddable":true,"href":"https:\/\/estila.org\/residencia\/wp-json\/wp\/v2\/comments?post=7200"}],"version-history":[{"count":1,"href":"https:\/\/estila.org\/residencia\/wp-json\/wp\/v2\/posts\/7200\/revisions"}],"predecessor-version":[{"id":7202,"href":"https:\/\/estila.org\/residencia\/wp-json\/wp\/v2\/posts\/7200\/revisions\/7202"}],"wp:featuredmedia":[{"embeddable":true,"href":"https:\/\/estila.org\/residencia\/wp-json\/wp\/v2\/media\/7201"}],"wp:attachment":[{"href":"https:\/\/estila.org\/residencia\/wp-json\/wp\/v2\/media?parent=7200"}],"wp:term":[{"taxonomy":"category","embeddable":true,"href":"https:\/\/estila.org\/residencia\/wp-json\/wp\/v2\/categories?post=7200"},{"taxonomy":"post_tag","embeddable":true,"href":"https:\/\/estila.org\/residencia\/wp-json\/wp\/v2\/tags?post=7200"}],"curies":[{"name":"wp","href":"https:\/\/api.w.org\/{rel}","templated":true}]}}