{"id":6755,"date":"2024-10-18T09:38:24","date_gmt":"2024-10-18T09:38:24","guid":{"rendered":"https:\/\/estila.org\/residencia\/?p=6755"},"modified":"2024-10-18T10:11:43","modified_gmt":"2024-10-18T10:11:43","slug":"iii-jornada-de-medicina","status":"publish","type":"post","link":"https:\/\/estila.org\/residencia\/iii-jornada-de-medicina\/","title":{"rendered":"III Jornada de Medicina"},"content":{"rendered":"\n<p>El viernes 25 de octubre tendremos la III edici\u00f3n de la Jornada de Medicina. A Las 17.00 h. comenzar\u00e1 con la inauguraci\u00f3n a cargo del director del Colegio Mayor. A continuaci\u00f3n habr\u00e1 mesas redondas y ponencias que pod\u00e9is ver en el siguiente programa:<\/p>\n\n\n\n<figure class=\"wp-block-image size-large\"><a href=\"https:\/\/estila.org\/residencia\/wp-content\/uploads\/2024\/10\/III-Jornada-de-Medicina_01.jpg\"><img fetchpriority=\"high\" decoding=\"async\" width=\"410\" height=\"1024\" src=\"https:\/\/estila.org\/residencia\/wp-content\/uploads\/2024\/10\/III-Jornada-de-Medicina_01-410x1024.jpg\" alt=\"\" class=\"wp-image-6757\" srcset=\"https:\/\/estila.org\/residencia\/wp-content\/uploads\/2024\/10\/III-Jornada-de-Medicina_01-410x1024.jpg 410w, https:\/\/estila.org\/residencia\/wp-content\/uploads\/2024\/10\/III-Jornada-de-Medicina_01-120x300.jpg 120w, https:\/\/estila.org\/residencia\/wp-content\/uploads\/2024\/10\/III-Jornada-de-Medicina_01-768x1920.jpg 768w, https:\/\/estila.org\/residencia\/wp-content\/uploads\/2024\/10\/III-Jornada-de-Medicina_01.jpg 800w\" sizes=\"(max-width: 410px) 100vw, 410px\" title=\"III Jornada de Medicina Residencia Universitaria en Santiago de Compostela y Colegio Mayor\" \/><\/a><\/figure>\n","protected":false},"excerpt":{"rendered":"<p>El viernes 25 de octubre tendremos la III edici\u00f3n de la Jornada de Medicina. A Las 17.00 h. comenzar\u00e1 con la inauguraci\u00f3n a cargo del director del Colegio Mayor. A continuaci\u00f3n habr\u00e1 mesas redondas y ponencias que pod\u00e9is ver en el siguiente programa:<\/p>\n","protected":false},"author":7,"featured_media":6756,"comment_status":"closed","ping_status":"closed","sticky":false,"template":"","format":"standard","meta":{"footnotes":""},"categories":[28],"tags":[],"class_list":["post-6755","post","type-post","status-publish","format-standard","has-post-thumbnail","hentry","category-actividades-la-estila","infinite-scroll-item"],"aioseo_notices":[],"_links":{"self":[{"href":"https:\/\/estila.org\/residencia\/wp-json\/wp\/v2\/posts\/6755","targetHints":{"allow":["GET"]}}],"collection":[{"href":"https:\/\/estila.org\/residencia\/wp-json\/wp\/v2\/posts"}],"about":[{"href":"https:\/\/estila.org\/residencia\/wp-json\/wp\/v2\/types\/post"}],"author":[{"embeddable":true,"href":"https:\/\/estila.org\/residencia\/wp-json\/wp\/v2\/users\/7"}],"replies":[{"embeddable":true,"href":"https:\/\/estila.org\/residencia\/wp-json\/wp\/v2\/comments?post=6755"}],"version-history":[{"count":5,"href":"https:\/\/estila.org\/residencia\/wp-json\/wp\/v2\/posts\/6755\/revisions"}],"predecessor-version":[{"id":6777,"href":"https:\/\/estila.org\/residencia\/wp-json\/wp\/v2\/posts\/6755\/revisions\/6777"}],"wp:featuredmedia":[{"embeddable":true,"href":"https:\/\/estila.org\/residencia\/wp-json\/wp\/v2\/media\/6756"}],"wp:attachment":[{"href":"https:\/\/estila.org\/residencia\/wp-json\/wp\/v2\/media?parent=6755"}],"wp:term":[{"taxonomy":"category","embeddable":true,"href":"https:\/\/estila.org\/residencia\/wp-json\/wp\/v2\/categories?post=6755"},{"taxonomy":"post_tag","embeddable":true,"href":"https:\/\/estila.org\/residencia\/wp-json\/wp\/v2\/tags?post=6755"}],"curies":[{"name":"wp","href":"https:\/\/api.w.org\/{rel}","templated":true}]}}