{"id":6693,"date":"2024-09-12T11:47:27","date_gmt":"2024-09-12T11:47:27","guid":{"rendered":"https:\/\/estila.org\/residencia\/?p=6693"},"modified":"2024-09-17T12:02:23","modified_gmt":"2024-09-17T12:02:23","slug":"comenzamos-un-nuevo-curso","status":"publish","type":"post","link":"https:\/\/estila.org\/residencia\/comenzamos-un-nuevo-curso\/","title":{"rendered":"Nuevo curso"},"content":{"rendered":"\n<p>\u00a1Hemos empezado el nuevo curso! Lo primero ha sido recibir a los nuevos residentes para explicarles el funcionamiento pr\u00e1ctico del Colegio Mayor y el sentido de la Universidad: \u201cAlgo m\u00e1s que ir a clase\u201d. El recibimiento en las Facultades tambi\u00e9n les ha gustado. El Curso 2024-25 es muy prometedor. Naturalmente, tambi\u00e9n ha habido tiempo para una churrascada en un parque en la ribera del R\u00edo Ulla.<\/p>\n\n\n\n<figure class=\"wp-block-image size-large\"><a href=\"https:\/\/estila.org\/residencia\/wp-content\/uploads\/2024\/09\/PHOTO-2024-09-12-19-43-26.jpg\"><img fetchpriority=\"high\" decoding=\"async\" width=\"1024\" height=\"682\" src=\"https:\/\/estila.org\/residencia\/wp-content\/uploads\/2024\/09\/PHOTO-2024-09-12-19-43-26-1024x682.jpg\" alt=\"\" class=\"wp-image-6695\" srcset=\"https:\/\/estila.org\/residencia\/wp-content\/uploads\/2024\/09\/PHOTO-2024-09-12-19-43-26-1024x682.jpg 1024w, https:\/\/estila.org\/residencia\/wp-content\/uploads\/2024\/09\/PHOTO-2024-09-12-19-43-26-300x200.jpg 300w, https:\/\/estila.org\/residencia\/wp-content\/uploads\/2024\/09\/PHOTO-2024-09-12-19-43-26-768x512.jpg 768w, https:\/\/estila.org\/residencia\/wp-content\/uploads\/2024\/09\/PHOTO-2024-09-12-19-43-26-1536x1023.jpg 1536w, https:\/\/estila.org\/residencia\/wp-content\/uploads\/2024\/09\/PHOTO-2024-09-12-19-43-26.jpg 1600w\" sizes=\"(max-width: 1024px) 100vw, 1024px\" title=\"Nuevo curso Residencia Universitaria en Santiago de Compostela y Colegio Mayor\" \/><\/a><\/figure>\n","protected":false},"excerpt":{"rendered":"<p>\u00a1Hemos empezado el nuevo curso! Lo primero ha sido recibir a los nuevos residentes para explicarles el funcionamiento pr\u00e1ctico del Colegio Mayor y el sentido de la Universidad: \u201cAlgo m\u00e1s que ir a clase\u201d. El recibimiento en las Facultades tambi\u00e9n les ha gustado. El Curso 2024-25 es muy prometedor. Naturalmente, tambi\u00e9n ha habido tiempo para &#8230; <\/p>\n<p class=\"read-more-container\"><a title=\"Nuevo curso\" class=\"read-more button\" href=\"https:\/\/estila.org\/residencia\/comenzamos-un-nuevo-curso\/#more-6693\" aria-label=\"Leer m\u00e1s sobre Nuevo curso\">Leer m\u00e1s<\/a><\/p>\n","protected":false},"author":7,"featured_media":6694,"comment_status":"closed","ping_status":"closed","sticky":false,"template":"","format":"standard","meta":{"footnotes":""},"categories":[27],"tags":[],"class_list":["post-6693","post","type-post","status-publish","format-standard","has-post-thumbnail","hentry","category-noticias","infinite-scroll-item"],"aioseo_notices":[],"_links":{"self":[{"href":"https:\/\/estila.org\/residencia\/wp-json\/wp\/v2\/posts\/6693","targetHints":{"allow":["GET"]}}],"collection":[{"href":"https:\/\/estila.org\/residencia\/wp-json\/wp\/v2\/posts"}],"about":[{"href":"https:\/\/estila.org\/residencia\/wp-json\/wp\/v2\/types\/post"}],"author":[{"embeddable":true,"href":"https:\/\/estila.org\/residencia\/wp-json\/wp\/v2\/users\/7"}],"replies":[{"embeddable":true,"href":"https:\/\/estila.org\/residencia\/wp-json\/wp\/v2\/comments?post=6693"}],"version-history":[{"count":3,"href":"https:\/\/estila.org\/residencia\/wp-json\/wp\/v2\/posts\/6693\/revisions"}],"predecessor-version":[{"id":6710,"href":"https:\/\/estila.org\/residencia\/wp-json\/wp\/v2\/posts\/6693\/revisions\/6710"}],"wp:featuredmedia":[{"embeddable":true,"href":"https:\/\/estila.org\/residencia\/wp-json\/wp\/v2\/media\/6694"}],"wp:attachment":[{"href":"https:\/\/estila.org\/residencia\/wp-json\/wp\/v2\/media?parent=6693"}],"wp:term":[{"taxonomy":"category","embeddable":true,"href":"https:\/\/estila.org\/residencia\/wp-json\/wp\/v2\/categories?post=6693"},{"taxonomy":"post_tag","embeddable":true,"href":"https:\/\/estila.org\/residencia\/wp-json\/wp\/v2\/tags?post=6693"}],"curies":[{"name":"wp","href":"https:\/\/api.w.org\/{rel}","templated":true}]}}