{"id":6657,"date":"2024-08-03T16:36:29","date_gmt":"2024-08-03T16:36:29","guid":{"rendered":"https:\/\/estila.org\/residencia\/?p=6657"},"modified":"2024-10-01T11:13:33","modified_gmt":"2024-10-01T11:13:33","slug":"unidos-por-la-estila","status":"publish","type":"post","link":"https:\/\/estila.org\/residencia\/unidos-por-la-estila\/","title":{"rendered":"Unidos por La Estila"},"content":{"rendered":"\n<p>Muchos hac\u00eda m\u00e1s de 30 a\u00f1os que no nos ve\u00edamos, desde que entramos en el Colegio Mayor a finales de los 80 y principios de los 90. La mayor\u00eda entramos en el curso 91-92, un curso en el que \u00e9ramos bastantes m\u00e1s los \u201cnuevos\u00bb que los \u201cviejos\u201d residentes. La verdad es que todos recordamos lo bien que nos recibieron los que ya llevaban unos a\u00f1os como Juanjo Pazos (Decano ese a\u00f1o), Txiqui, Antonio Ferre\u00f1o, Jorge V\u00e1zquez, Oscar Pis\u00f3n o Pedro Areal, entre otros.<\/p>\n\n\n\n<p>Todo surgi\u00f3 hace pocos meses de la mano de Miguel Pi\u00f1\u00f3n que empez\u00f3 a moverse y consigui\u00f3 reunirnos en un grupo de whastapp a muchos de aquella \u00e9poca, los hay que est\u00e1n en Costa Rica como Juan Luis Crespo o en Holanda como Gonzalo Saavedra.<\/p>\n\n\n\n<p>A trav\u00e9s del grupo conseguimos poner una fecha para intentar reunirnos y \u00a1lo conseguimos!, al menos unos cuantos porque otros muchos no pudieron asistir y se les ech\u00f3 mucho de menos.<\/p>\n\n\n\n<figure class=\"wp-block-image size-large\"><a href=\"https:\/\/estila.org\/residencia\/wp-content\/uploads\/2024\/08\/Foto-Estila-91_92.jpg\"><img fetchpriority=\"high\" decoding=\"async\" width=\"1024\" height=\"664\" src=\"https:\/\/estila.org\/residencia\/wp-content\/uploads\/2024\/08\/Foto-Estila-91_92-1024x664.jpg\" alt=\"\" class=\"wp-image-6659\" srcset=\"https:\/\/estila.org\/residencia\/wp-content\/uploads\/2024\/08\/Foto-Estila-91_92-1024x664.jpg 1024w, https:\/\/estila.org\/residencia\/wp-content\/uploads\/2024\/08\/Foto-Estila-91_92-300x195.jpg 300w, https:\/\/estila.org\/residencia\/wp-content\/uploads\/2024\/08\/Foto-Estila-91_92-768x498.jpg 768w, https:\/\/estila.org\/residencia\/wp-content\/uploads\/2024\/08\/Foto-Estila-91_92.jpg 1200w\" sizes=\"(max-width: 1024px) 100vw, 1024px\" title=\"Unidos por La Estila Residencia Universitaria en Santiago de Compostela y Colegio Mayor\" \/><\/a><figcaption class=\"wp-element-caption\">De izquierda a derecha: Pedro Santos, Domingo L\u00f3pez, Miguel Pi\u00f1\u00f3n, Mart\u00edn Ezcurra, Gonzalo Saavedra, Julio Rivera, Beni Rodr\u00edguez, Alfonso (Txiqui), Juanjo Pazos, Pedro Areal, Moncho L\u00f3pez, Antonio Ferre\u00f1o y Marcos Vidal.<\/figcaption><\/figure>\n\n\n\n<p>Fue una xuntanza inolvidable llena de buenos recuerdos y grandes risas. Como escribi\u00f3 despu\u00e9s en el grupo Miguel P. \u00abFue impactante ver acercarse a gente que hac\u00eda 30 a\u00f1os que no nos ve\u00edamos. Creo que el sentir general fue de comodidad total. Las conversaciones se centraron m\u00e1s en afectos y recuerdos que en balances. Unos recuerdos maravillosos y una tarde espectacular, entra\u00f1able y divertid\u00edsima. Hay que repetir, con m\u00e1s gente!\u00bb<\/p>\n\n\n\n<p>Pedro Areal tambi\u00e9n resumi\u00f3 la jornada brillantemente: \u00abEste tipo de encuentros supone SUMAR con may\u00fasculas. Lo que acontece en nuestras vidas en el d\u00eda a d\u00eda, en el mes a mes, en el a\u00f1o a a\u00f1o, la conciencia de que el tiempo se va, y a veces no s\u00f3lo el tiempo, me hace reflexionar sobre lo importante de este tipo de encuentros. En el pasado hemos compartido momentos, vivencias, confidencias, m\u00e1s o menos horas de estudio, m\u00e1s o menos afinidades, m\u00e1s o menos complicidades, con algunos m\u00e1s, con algunos menos, con algunos incluso desavenencias. Cuando, por lo que sea, sale La Estila y lo que La Estila fue en mi pasado, se me dibuja en la cara un gesto de sonrisa. Entonces fu\u00ed consciente de lo que viv\u00ed, y si lo fu\u00ed entonces, no os digo nada treinta a\u00f1os despu\u00e9s. Me gust\u00f3 mucho ver, abrazar y re\u00edrme con todos los ayer presentes, y me encantar\u00eda seguir sumando momentos y personas de entonces a las que echo de menos.\u00bb<\/p>\n\n\n\n<p>Despu\u00e9s de estos dos testimonios dif\u00edcilmente se puede a\u00f1adir m\u00e1s, aunque s\u00ed quiero hacer menci\u00f3n especial al sentido recuerdo que tenemos todos a Lucio Pumar que lamentablemente perdi\u00f3 su vida a causa del COVID estando en Brasil.<\/p>\n\n\n\n<p>Publicamos la foto colegial de aquel curso 1991-1992 esperando que en el pr\u00f3ximo reencuentro estemos casi todos.<\/p>\n\n\n\n<figure class=\"wp-block-image size-large\"><a href=\"https:\/\/estila.org\/residencia\/wp-content\/uploads\/2024\/08\/curso-1991-1992.jpg\"><img decoding=\"async\" width=\"1024\" height=\"615\" src=\"https:\/\/estila.org\/residencia\/wp-content\/uploads\/2024\/08\/curso-1991-1992-1024x615.jpg\" alt=\"\" class=\"wp-image-6660\" srcset=\"https:\/\/estila.org\/residencia\/wp-content\/uploads\/2024\/08\/curso-1991-1992-1024x615.jpg 1024w, https:\/\/estila.org\/residencia\/wp-content\/uploads\/2024\/08\/curso-1991-1992-300x180.jpg 300w, https:\/\/estila.org\/residencia\/wp-content\/uploads\/2024\/08\/curso-1991-1992-768x461.jpg 768w, https:\/\/estila.org\/residencia\/wp-content\/uploads\/2024\/08\/curso-1991-1992.jpg 1500w\" sizes=\"(max-width: 1024px) 100vw, 1024px\" title=\"Unidos por La Estila Residencia Universitaria en Santiago de Compostela y Colegio Mayor\" \/><\/a><\/figure>\n","protected":false},"excerpt":{"rendered":"<p>Muchos hac\u00eda m\u00e1s de 30 a\u00f1os que no nos ve\u00edamos, desde que entramos en el Colegio Mayor a finales de los 80 y principios de los 90. La mayor\u00eda entramos en el curso 91-92, un curso en el que \u00e9ramos bastantes m\u00e1s los \u201cnuevos\u00bb que los \u201cviejos\u201d residentes. La verdad es que todos recordamos lo &#8230; <\/p>\n<p class=\"read-more-container\"><a title=\"Unidos por La Estila\" class=\"read-more button\" href=\"https:\/\/estila.org\/residencia\/unidos-por-la-estila\/#more-6657\" aria-label=\"Leer m\u00e1s sobre Unidos por La Estila\">Leer m\u00e1s<\/a><\/p>\n","protected":false},"author":7,"featured_media":6658,"comment_status":"closed","ping_status":"closed","sticky":false,"template":"","format":"standard","meta":{"footnotes":""},"categories":[31],"tags":[],"class_list":["post-6657","post","type-post","status-publish","format-standard","has-post-thumbnail","hentry","category-antiguos-residentes","infinite-scroll-item"],"aioseo_notices":[],"_links":{"self":[{"href":"https:\/\/estila.org\/residencia\/wp-json\/wp\/v2\/posts\/6657","targetHints":{"allow":["GET"]}}],"collection":[{"href":"https:\/\/estila.org\/residencia\/wp-json\/wp\/v2\/posts"}],"about":[{"href":"https:\/\/estila.org\/residencia\/wp-json\/wp\/v2\/types\/post"}],"author":[{"embeddable":true,"href":"https:\/\/estila.org\/residencia\/wp-json\/wp\/v2\/users\/7"}],"replies":[{"embeddable":true,"href":"https:\/\/estila.org\/residencia\/wp-json\/wp\/v2\/comments?post=6657"}],"version-history":[{"count":5,"href":"https:\/\/estila.org\/residencia\/wp-json\/wp\/v2\/posts\/6657\/revisions"}],"predecessor-version":[{"id":6723,"href":"https:\/\/estila.org\/residencia\/wp-json\/wp\/v2\/posts\/6657\/revisions\/6723"}],"wp:featuredmedia":[{"embeddable":true,"href":"https:\/\/estila.org\/residencia\/wp-json\/wp\/v2\/media\/6658"}],"wp:attachment":[{"href":"https:\/\/estila.org\/residencia\/wp-json\/wp\/v2\/media?parent=6657"}],"wp:term":[{"taxonomy":"category","embeddable":true,"href":"https:\/\/estila.org\/residencia\/wp-json\/wp\/v2\/categories?post=6657"},{"taxonomy":"post_tag","embeddable":true,"href":"https:\/\/estila.org\/residencia\/wp-json\/wp\/v2\/tags?post=6657"}],"curies":[{"name":"wp","href":"https:\/\/api.w.org\/{rel}","templated":true}]}}