{"id":5649,"date":"2023-12-07T12:09:00","date_gmt":"2023-12-07T12:09:00","guid":{"rendered":"https:\/\/estila.org\/residencia\/?p=5649"},"modified":"2024-07-20T20:45:47","modified_gmt":"2024-07-20T20:45:47","slug":"gala-del-75-aniversario-2","status":"publish","type":"post","link":"https:\/\/estila.org\/residencia\/gala-del-75-aniversario-2\/","title":{"rendered":"Gala del 75 Aniversario"},"content":{"rendered":"\n<p>\u00a1Aqu\u00ed estamos! En la \u201cCasa del Se\u00f1or Santiago\u201d al terminar la Misa de Acci\u00f3n de Gracias el 7 de diciembre de 2023.<\/p>\n\n\n\n<p>En una fiesta muy alegre, dos centenares de antiguos colegiales, junto con los residentes de este curso, nos reunimos para celebrar el 75 aniversario del Colegio Mayor con una misa en la Catedral, un concierto de canciones de Tuna a cargo de los Troyanos de Compostela y una cena de gala en el Hostal de los Reyes Cat\u00f3licos.<\/p>\n\n\n\n<p>Durante la Misa de Acci\u00f3n de Gracias, el director del Colegio Mayor, Miguel Jim\u00e9nez de los Galanes, realiz\u00f3 una Ofrenda al Ap\u00f3stol en la que se invoc\u00f3 de nuevo su protecci\u00f3n. A su vez, el arzobispo de Santiago de Compostela, Monse\u00f1or Francisco Jos\u00e9 Prieto, que presidi\u00f3 la celebraci\u00f3n, agradeci\u00f3 el esp\u00edritu de servicio a los dem\u00e1s y a la sociedad que han caracterizado la actividad de La Estila desde que abri\u00f3 sus puertas el 21 de diciembre de 1948.<\/p>\n\n\n\n<p>Durante la cena de gala, en la que tom\u00f3 la palabra el Vicepresidente Primero de la Xunta de Galicia, Diego Calvo, recordamos a los m\u00e1s de 3.000 colegiales de estos 75 a\u00f1os y, muy especialmente a dos j\u00f3venes catedr\u00e1ticos de universidad, Amadeo de Fuenmayor y Laureano L\u00f3pez Rod\u00f3, que crearon y pusieron en marcha La Estila, animados en la dif\u00edcil empresa por San Josemar\u00eda Escriv\u00e1 de Balaguer.<\/p>\n\n\n\n<figure class=\"wp-block-image size-large\"><a href=\"https:\/\/estila.org\/residencia\/wp-content\/uploads\/2024\/07\/20231207-75-Aniversario-02.jpg\"><img fetchpriority=\"high\" decoding=\"async\" width=\"1024\" height=\"569\" src=\"https:\/\/estila.org\/residencia\/wp-content\/uploads\/2024\/07\/20231207-75-Aniversario-02-1024x569.jpg\" alt=\"\" class=\"wp-image-5411\" srcset=\"https:\/\/estila.org\/residencia\/wp-content\/uploads\/2024\/07\/20231207-75-Aniversario-02-1024x569.jpg 1024w, https:\/\/estila.org\/residencia\/wp-content\/uploads\/2024\/07\/20231207-75-Aniversario-02-300x167.jpg 300w, https:\/\/estila.org\/residencia\/wp-content\/uploads\/2024\/07\/20231207-75-Aniversario-02-768x427.jpg 768w, https:\/\/estila.org\/residencia\/wp-content\/uploads\/2024\/07\/20231207-75-Aniversario-02.jpg 1500w\" sizes=\"(max-width: 1024px) 100vw, 1024px\" title=\"Gala del 75 Aniversario Residencia Universitaria en Santiago de Compostela y Colegio Mayor\" \/><\/a><figcaption class=\"wp-element-caption\">Los antiguos colegiales y las autoridades, al t\u00e9rmino del concierto de los Troyanos de Compostela<\/figcaption><\/figure>\n\n\n\n<p><\/p>\n\n\n\n<figure class=\"wp-block-image size-large\"><a href=\"https:\/\/estila.org\/residencia\/wp-content\/uploads\/2024\/07\/20231207-75-Aniversario-04.jpg\"><img decoding=\"async\" width=\"1024\" height=\"768\" src=\"https:\/\/estila.org\/residencia\/wp-content\/uploads\/2024\/07\/20231207-75-Aniversario-04-1024x768.jpg\" alt=\"\" class=\"wp-image-5413\" srcset=\"https:\/\/estila.org\/residencia\/wp-content\/uploads\/2024\/07\/20231207-75-Aniversario-04-1024x768.jpg 1024w, https:\/\/estila.org\/residencia\/wp-content\/uploads\/2024\/07\/20231207-75-Aniversario-04-300x225.jpg 300w, https:\/\/estila.org\/residencia\/wp-content\/uploads\/2024\/07\/20231207-75-Aniversario-04-768x576.jpg 768w, https:\/\/estila.org\/residencia\/wp-content\/uploads\/2024\/07\/20231207-75-Aniversario-04.jpg 1500w\" sizes=\"(max-width: 1024px) 100vw, 1024px\" title=\"Gala del 75 Aniversario Residencia Universitaria en Santiago de Compostela y Colegio Mayor\" \/><\/a><figcaption class=\"wp-element-caption\">El vicepresidente de la Xunta de Galicia, Diego Calvo, agradece la tarea del Colegio Mayor durante la cena de gala.<\/figcaption><\/figure>\n\n\n\n<p><\/p>\n\n\n\n<p><\/p>\n\n\n\n<p class=\"has-medium-font-size\"><strong>LOS ANTIGUOS COLEGIALES<\/strong><\/p>\n\n\n\n<figure class=\"wp-block-gallery has-nested-images columns-default is-cropped wp-block-gallery-1 is-layout-flex wp-block-gallery-is-layout-flex\">\n<figure class=\"wp-block-image size-large\"><a href=\"https:\/\/estila.org\/residencia\/wp-content\/uploads\/2024\/07\/20231207-75-Aniversario-03.jpg\"><img decoding=\"async\" width=\"1024\" height=\"768\" data-id=\"5412\" src=\"https:\/\/estila.org\/residencia\/wp-content\/uploads\/2024\/07\/20231207-75-Aniversario-03-1024x768.jpg\" alt=\"\" class=\"wp-image-5412\" srcset=\"https:\/\/estila.org\/residencia\/wp-content\/uploads\/2024\/07\/20231207-75-Aniversario-03-1024x768.jpg 1024w, https:\/\/estila.org\/residencia\/wp-content\/uploads\/2024\/07\/20231207-75-Aniversario-03-300x225.jpg 300w, https:\/\/estila.org\/residencia\/wp-content\/uploads\/2024\/07\/20231207-75-Aniversario-03-768x576.jpg 768w, https:\/\/estila.org\/residencia\/wp-content\/uploads\/2024\/07\/20231207-75-Aniversario-03.jpg 1500w\" sizes=\"(max-width: 1024px) 100vw, 1024px\" title=\"Gala del 75 Aniversario Residencia Universitaria en Santiago de Compostela y Colegio Mayor\" \/><\/a><\/figure>\n\n\n\n<figure class=\"wp-block-image size-large\"><a href=\"https:\/\/estila.org\/residencia\/wp-content\/uploads\/2024\/07\/20231207-75-Aniversario-05.jpg\"><img loading=\"lazy\" decoding=\"async\" width=\"1024\" height=\"768\" data-id=\"5414\" src=\"https:\/\/estila.org\/residencia\/wp-content\/uploads\/2024\/07\/20231207-75-Aniversario-05-1024x768.jpg\" alt=\"\" class=\"wp-image-5414\" srcset=\"https:\/\/estila.org\/residencia\/wp-content\/uploads\/2024\/07\/20231207-75-Aniversario-05-1024x768.jpg 1024w, https:\/\/estila.org\/residencia\/wp-content\/uploads\/2024\/07\/20231207-75-Aniversario-05-300x225.jpg 300w, https:\/\/estila.org\/residencia\/wp-content\/uploads\/2024\/07\/20231207-75-Aniversario-05-768x576.jpg 768w, https:\/\/estila.org\/residencia\/wp-content\/uploads\/2024\/07\/20231207-75-Aniversario-05.jpg 1500w\" sizes=\"(max-width: 1024px) 100vw, 1024px\" title=\"Gala del 75 Aniversario Residencia Universitaria en Santiago de Compostela y Colegio Mayor\" \/><\/a><\/figure>\n\n\n\n<figure class=\"wp-block-image size-large\"><a href=\"https:\/\/estila.org\/residencia\/wp-content\/uploads\/2024\/07\/20231207-75-Aniversario-06.jpg\"><img loading=\"lazy\" decoding=\"async\" width=\"1024\" height=\"768\" data-id=\"5415\" src=\"https:\/\/estila.org\/residencia\/wp-content\/uploads\/2024\/07\/20231207-75-Aniversario-06-1024x768.jpg\" alt=\"\" class=\"wp-image-5415\" srcset=\"https:\/\/estila.org\/residencia\/wp-content\/uploads\/2024\/07\/20231207-75-Aniversario-06-1024x768.jpg 1024w, https:\/\/estila.org\/residencia\/wp-content\/uploads\/2024\/07\/20231207-75-Aniversario-06-300x225.jpg 300w, https:\/\/estila.org\/residencia\/wp-content\/uploads\/2024\/07\/20231207-75-Aniversario-06-768x576.jpg 768w, https:\/\/estila.org\/residencia\/wp-content\/uploads\/2024\/07\/20231207-75-Aniversario-06.jpg 1500w\" sizes=\"(max-width: 1024px) 100vw, 1024px\" title=\"Gala del 75 Aniversario Residencia Universitaria en Santiago de Compostela y Colegio Mayor\" \/><\/a><\/figure>\n\n\n\n<figure class=\"wp-block-image size-large\"><a href=\"https:\/\/estila.org\/residencia\/wp-content\/uploads\/2024\/07\/20231207-75-Aniversario-07.jpg\"><img loading=\"lazy\" decoding=\"async\" width=\"1024\" height=\"768\" data-id=\"5416\" src=\"https:\/\/estila.org\/residencia\/wp-content\/uploads\/2024\/07\/20231207-75-Aniversario-07-1024x768.jpg\" alt=\"\" class=\"wp-image-5416\" srcset=\"https:\/\/estila.org\/residencia\/wp-content\/uploads\/2024\/07\/20231207-75-Aniversario-07-1024x768.jpg 1024w, https:\/\/estila.org\/residencia\/wp-content\/uploads\/2024\/07\/20231207-75-Aniversario-07-300x225.jpg 300w, https:\/\/estila.org\/residencia\/wp-content\/uploads\/2024\/07\/20231207-75-Aniversario-07-768x576.jpg 768w, https:\/\/estila.org\/residencia\/wp-content\/uploads\/2024\/07\/20231207-75-Aniversario-07.jpg 1500w\" sizes=\"(max-width: 1024px) 100vw, 1024px\" title=\"Gala del 75 Aniversario Residencia Universitaria en Santiago de Compostela y Colegio Mayor\" \/><\/a><\/figure>\n\n\n\n<figure class=\"wp-block-image size-large\"><a href=\"https:\/\/estila.org\/residencia\/wp-content\/uploads\/2024\/07\/20231207-75-Aniversario-08.jpg\"><img loading=\"lazy\" decoding=\"async\" width=\"1024\" height=\"768\" data-id=\"5417\" src=\"https:\/\/estila.org\/residencia\/wp-content\/uploads\/2024\/07\/20231207-75-Aniversario-08-1024x768.jpg\" alt=\"\" class=\"wp-image-5417\" srcset=\"https:\/\/estila.org\/residencia\/wp-content\/uploads\/2024\/07\/20231207-75-Aniversario-08-1024x768.jpg 1024w, https:\/\/estila.org\/residencia\/wp-content\/uploads\/2024\/07\/20231207-75-Aniversario-08-300x225.jpg 300w, https:\/\/estila.org\/residencia\/wp-content\/uploads\/2024\/07\/20231207-75-Aniversario-08-768x576.jpg 768w, https:\/\/estila.org\/residencia\/wp-content\/uploads\/2024\/07\/20231207-75-Aniversario-08.jpg 1500w\" sizes=\"(max-width: 1024px) 100vw, 1024px\" title=\"Gala del 75 Aniversario Residencia Universitaria en Santiago de Compostela y Colegio Mayor\" \/><\/a><\/figure>\n\n\n\n<figure class=\"wp-block-image size-large\"><a href=\"https:\/\/estila.org\/residencia\/wp-content\/uploads\/2024\/07\/20231207-75-Aniversario-9.jpg\"><img loading=\"lazy\" decoding=\"async\" width=\"1024\" height=\"768\" data-id=\"5418\" src=\"https:\/\/estila.org\/residencia\/wp-content\/uploads\/2024\/07\/20231207-75-Aniversario-9-1024x768.jpg\" alt=\"\" class=\"wp-image-5418\" srcset=\"https:\/\/estila.org\/residencia\/wp-content\/uploads\/2024\/07\/20231207-75-Aniversario-9-1024x768.jpg 1024w, https:\/\/estila.org\/residencia\/wp-content\/uploads\/2024\/07\/20231207-75-Aniversario-9-300x225.jpg 300w, https:\/\/estila.org\/residencia\/wp-content\/uploads\/2024\/07\/20231207-75-Aniversario-9-768x576.jpg 768w, https:\/\/estila.org\/residencia\/wp-content\/uploads\/2024\/07\/20231207-75-Aniversario-9.jpg 1500w\" sizes=\"(max-width: 1024px) 100vw, 1024px\" title=\"Gala del 75 Aniversario Residencia Universitaria en Santiago de Compostela y Colegio Mayor\" \/><\/a><\/figure>\n\n\n\n<figure class=\"wp-block-image size-large\"><a href=\"https:\/\/estila.org\/residencia\/wp-content\/uploads\/2024\/07\/20231207-75-Aniversario-10.jpg\"><img loading=\"lazy\" decoding=\"async\" width=\"1024\" height=\"768\" data-id=\"5419\" src=\"https:\/\/estila.org\/residencia\/wp-content\/uploads\/2024\/07\/20231207-75-Aniversario-10-1024x768.jpg\" alt=\"\" class=\"wp-image-5419\" srcset=\"https:\/\/estila.org\/residencia\/wp-content\/uploads\/2024\/07\/20231207-75-Aniversario-10-1024x768.jpg 1024w, https:\/\/estila.org\/residencia\/wp-content\/uploads\/2024\/07\/20231207-75-Aniversario-10-300x225.jpg 300w, https:\/\/estila.org\/residencia\/wp-content\/uploads\/2024\/07\/20231207-75-Aniversario-10-768x576.jpg 768w, https:\/\/estila.org\/residencia\/wp-content\/uploads\/2024\/07\/20231207-75-Aniversario-10.jpg 1500w\" sizes=\"(max-width: 1024px) 100vw, 1024px\" title=\"Gala del 75 Aniversario Residencia Universitaria en Santiago de Compostela y Colegio Mayor\" \/><\/a><\/figure>\n\n\n\n<figure class=\"wp-block-image size-large\"><a href=\"https:\/\/estila.org\/residencia\/wp-content\/uploads\/2024\/07\/20231207-75-Aniversario-11.jpg\"><img loading=\"lazy\" decoding=\"async\" width=\"1024\" height=\"768\" data-id=\"5420\" src=\"https:\/\/estila.org\/residencia\/wp-content\/uploads\/2024\/07\/20231207-75-Aniversario-11-1024x768.jpg\" alt=\"\" class=\"wp-image-5420\" srcset=\"https:\/\/estila.org\/residencia\/wp-content\/uploads\/2024\/07\/20231207-75-Aniversario-11-1024x768.jpg 1024w, https:\/\/estila.org\/residencia\/wp-content\/uploads\/2024\/07\/20231207-75-Aniversario-11-300x225.jpg 300w, https:\/\/estila.org\/residencia\/wp-content\/uploads\/2024\/07\/20231207-75-Aniversario-11-768x576.jpg 768w, https:\/\/estila.org\/residencia\/wp-content\/uploads\/2024\/07\/20231207-75-Aniversario-11.jpg 1500w\" sizes=\"(max-width: 1024px) 100vw, 1024px\" title=\"Gala del 75 Aniversario Residencia Universitaria en Santiago de Compostela y Colegio Mayor\" \/><\/a><\/figure>\n\n\n\n<figure class=\"wp-block-image size-large\"><a href=\"https:\/\/estila.org\/residencia\/wp-content\/uploads\/2024\/07\/20231207-75-Aniversario-12.jpg\"><img loading=\"lazy\" decoding=\"async\" width=\"1024\" height=\"768\" data-id=\"5421\" src=\"https:\/\/estila.org\/residencia\/wp-content\/uploads\/2024\/07\/20231207-75-Aniversario-12-1024x768.jpg\" alt=\"\" class=\"wp-image-5421\" srcset=\"https:\/\/estila.org\/residencia\/wp-content\/uploads\/2024\/07\/20231207-75-Aniversario-12-1024x768.jpg 1024w, https:\/\/estila.org\/residencia\/wp-content\/uploads\/2024\/07\/20231207-75-Aniversario-12-300x225.jpg 300w, https:\/\/estila.org\/residencia\/wp-content\/uploads\/2024\/07\/20231207-75-Aniversario-12-768x576.jpg 768w, https:\/\/estila.org\/residencia\/wp-content\/uploads\/2024\/07\/20231207-75-Aniversario-12.jpg 1500w\" sizes=\"(max-width: 1024px) 100vw, 1024px\" title=\"Gala del 75 Aniversario Residencia Universitaria en Santiago de Compostela y Colegio Mayor\" \/><\/a><\/figure>\n\n\n\n<figure class=\"wp-block-image size-large\"><a href=\"https:\/\/estila.org\/residencia\/wp-content\/uploads\/2024\/07\/20231207-75-Aniversario-13.jpg\"><img loading=\"lazy\" decoding=\"async\" width=\"1024\" height=\"768\" data-id=\"5422\" src=\"https:\/\/estila.org\/residencia\/wp-content\/uploads\/2024\/07\/20231207-75-Aniversario-13-1024x768.jpg\" alt=\"\" class=\"wp-image-5422\" srcset=\"https:\/\/estila.org\/residencia\/wp-content\/uploads\/2024\/07\/20231207-75-Aniversario-13-1024x768.jpg 1024w, https:\/\/estila.org\/residencia\/wp-content\/uploads\/2024\/07\/20231207-75-Aniversario-13-300x225.jpg 300w, https:\/\/estila.org\/residencia\/wp-content\/uploads\/2024\/07\/20231207-75-Aniversario-13-768x576.jpg 768w, https:\/\/estila.org\/residencia\/wp-content\/uploads\/2024\/07\/20231207-75-Aniversario-13.jpg 1500w\" sizes=\"(max-width: 1024px) 100vw, 1024px\" title=\"Gala del 75 Aniversario Residencia Universitaria en Santiago de Compostela y Colegio Mayor\" \/><\/a><\/figure>\n\n\n\n<figure class=\"wp-block-image size-large\"><a href=\"https:\/\/estila.org\/residencia\/wp-content\/uploads\/2024\/07\/20231207-75-Aniversario-14.jpg\"><img loading=\"lazy\" decoding=\"async\" width=\"1024\" height=\"768\" data-id=\"5423\" src=\"https:\/\/estila.org\/residencia\/wp-content\/uploads\/2024\/07\/20231207-75-Aniversario-14-1024x768.jpg\" alt=\"\" class=\"wp-image-5423\" srcset=\"https:\/\/estila.org\/residencia\/wp-content\/uploads\/2024\/07\/20231207-75-Aniversario-14-1024x768.jpg 1024w, https:\/\/estila.org\/residencia\/wp-content\/uploads\/2024\/07\/20231207-75-Aniversario-14-300x225.jpg 300w, https:\/\/estila.org\/residencia\/wp-content\/uploads\/2024\/07\/20231207-75-Aniversario-14-768x576.jpg 768w, https:\/\/estila.org\/residencia\/wp-content\/uploads\/2024\/07\/20231207-75-Aniversario-14.jpg 1500w\" sizes=\"(max-width: 1024px) 100vw, 1024px\" title=\"Gala del 75 Aniversario Residencia Universitaria en Santiago de Compostela y Colegio Mayor\" \/><\/a><\/figure>\n\n\n\n<figure class=\"wp-block-image size-large\"><a href=\"https:\/\/estila.org\/residencia\/wp-content\/uploads\/2024\/07\/20231207-75-Aniversario-15.jpg\"><img loading=\"lazy\" decoding=\"async\" width=\"1024\" height=\"768\" data-id=\"5424\" src=\"https:\/\/estila.org\/residencia\/wp-content\/uploads\/2024\/07\/20231207-75-Aniversario-15-1024x768.jpg\" alt=\"\" class=\"wp-image-5424\" srcset=\"https:\/\/estila.org\/residencia\/wp-content\/uploads\/2024\/07\/20231207-75-Aniversario-15-1024x768.jpg 1024w, https:\/\/estila.org\/residencia\/wp-content\/uploads\/2024\/07\/20231207-75-Aniversario-15-300x225.jpg 300w, https:\/\/estila.org\/residencia\/wp-content\/uploads\/2024\/07\/20231207-75-Aniversario-15-768x576.jpg 768w, https:\/\/estila.org\/residencia\/wp-content\/uploads\/2024\/07\/20231207-75-Aniversario-15.jpg 1500w\" sizes=\"(max-width: 1024px) 100vw, 1024px\" title=\"Gala del 75 Aniversario Residencia Universitaria en Santiago de Compostela y Colegio Mayor\" \/><\/a><\/figure>\n\n\n\n<figure class=\"wp-block-image size-large\"><a href=\"https:\/\/estila.org\/residencia\/wp-content\/uploads\/2024\/07\/20231207-75-Aniversario-16.jpg\"><img loading=\"lazy\" decoding=\"async\" width=\"1024\" height=\"768\" data-id=\"5425\" src=\"https:\/\/estila.org\/residencia\/wp-content\/uploads\/2024\/07\/20231207-75-Aniversario-16-1024x768.jpg\" alt=\"\" class=\"wp-image-5425\" srcset=\"https:\/\/estila.org\/residencia\/wp-content\/uploads\/2024\/07\/20231207-75-Aniversario-16-1024x768.jpg 1024w, https:\/\/estila.org\/residencia\/wp-content\/uploads\/2024\/07\/20231207-75-Aniversario-16-300x225.jpg 300w, https:\/\/estila.org\/residencia\/wp-content\/uploads\/2024\/07\/20231207-75-Aniversario-16-768x576.jpg 768w, https:\/\/estila.org\/residencia\/wp-content\/uploads\/2024\/07\/20231207-75-Aniversario-16.jpg 1500w\" sizes=\"(max-width: 1024px) 100vw, 1024px\" title=\"Gala del 75 Aniversario Residencia Universitaria en Santiago de Compostela y Colegio Mayor\" \/><\/a><\/figure>\n\n\n\n<figure class=\"wp-block-image size-large\"><a href=\"https:\/\/estila.org\/residencia\/wp-content\/uploads\/2024\/07\/20231207-75-Aniversario-21.jpg\"><img loading=\"lazy\" decoding=\"async\" width=\"1024\" height=\"768\" data-id=\"5430\" src=\"https:\/\/estila.org\/residencia\/wp-content\/uploads\/2024\/07\/20231207-75-Aniversario-21-1024x768.jpg\" alt=\"\" class=\"wp-image-5430\" srcset=\"https:\/\/estila.org\/residencia\/wp-content\/uploads\/2024\/07\/20231207-75-Aniversario-21-1024x768.jpg 1024w, https:\/\/estila.org\/residencia\/wp-content\/uploads\/2024\/07\/20231207-75-Aniversario-21-300x225.jpg 300w, https:\/\/estila.org\/residencia\/wp-content\/uploads\/2024\/07\/20231207-75-Aniversario-21-768x576.jpg 768w, https:\/\/estila.org\/residencia\/wp-content\/uploads\/2024\/07\/20231207-75-Aniversario-21.jpg 1500w\" sizes=\"(max-width: 1024px) 100vw, 1024px\" title=\"Gala del 75 Aniversario Residencia Universitaria en Santiago de Compostela y Colegio Mayor\" \/><\/a><\/figure>\n\n\n\n<figure class=\"wp-block-image size-large\"><a href=\"https:\/\/estila.org\/residencia\/wp-content\/uploads\/2024\/07\/20231207-75-Aniversario-22.jpg\"><img loading=\"lazy\" decoding=\"async\" width=\"1024\" height=\"768\" data-id=\"5496\" src=\"https:\/\/estila.org\/residencia\/wp-content\/uploads\/2024\/07\/20231207-75-Aniversario-22-1024x768.jpg\" alt=\"\" class=\"wp-image-5496\" srcset=\"https:\/\/estila.org\/residencia\/wp-content\/uploads\/2024\/07\/20231207-75-Aniversario-22-1024x768.jpg 1024w, https:\/\/estila.org\/residencia\/wp-content\/uploads\/2024\/07\/20231207-75-Aniversario-22-300x225.jpg 300w, https:\/\/estila.org\/residencia\/wp-content\/uploads\/2024\/07\/20231207-75-Aniversario-22-768x576.jpg 768w, https:\/\/estila.org\/residencia\/wp-content\/uploads\/2024\/07\/20231207-75-Aniversario-22.jpg 1500w\" sizes=\"(max-width: 1024px) 100vw, 1024px\" title=\"Gala del 75 Aniversario Residencia Universitaria en Santiago de Compostela y Colegio Mayor\" \/><\/a><\/figure>\n\n\n\n<figure class=\"wp-block-image size-large\"><a href=\"https:\/\/estila.org\/residencia\/wp-content\/uploads\/2024\/07\/20231207-75-Aniversario-23.jpg\"><img loading=\"lazy\" decoding=\"async\" width=\"1024\" height=\"768\" data-id=\"5497\" src=\"https:\/\/estila.org\/residencia\/wp-content\/uploads\/2024\/07\/20231207-75-Aniversario-23-1024x768.jpg\" alt=\"\" class=\"wp-image-5497\" srcset=\"https:\/\/estila.org\/residencia\/wp-content\/uploads\/2024\/07\/20231207-75-Aniversario-23-1024x768.jpg 1024w, https:\/\/estila.org\/residencia\/wp-content\/uploads\/2024\/07\/20231207-75-Aniversario-23-300x225.jpg 300w, https:\/\/estila.org\/residencia\/wp-content\/uploads\/2024\/07\/20231207-75-Aniversario-23-768x576.jpg 768w, https:\/\/estila.org\/residencia\/wp-content\/uploads\/2024\/07\/20231207-75-Aniversario-23.jpg 1500w\" sizes=\"(max-width: 1024px) 100vw, 1024px\" title=\"Gala del 75 Aniversario Residencia Universitaria en Santiago de Compostela y Colegio Mayor\" \/><\/a><\/figure>\n\n\n\n<figure class=\"wp-block-image size-large\"><a href=\"https:\/\/estila.org\/residencia\/wp-content\/uploads\/2024\/07\/20231207-75-Aniversario-24.jpg\"><img loading=\"lazy\" decoding=\"async\" width=\"1024\" height=\"768\" data-id=\"5498\" src=\"https:\/\/estila.org\/residencia\/wp-content\/uploads\/2024\/07\/20231207-75-Aniversario-24-1024x768.jpg\" alt=\"\" class=\"wp-image-5498\" srcset=\"https:\/\/estila.org\/residencia\/wp-content\/uploads\/2024\/07\/20231207-75-Aniversario-24-1024x768.jpg 1024w, https:\/\/estila.org\/residencia\/wp-content\/uploads\/2024\/07\/20231207-75-Aniversario-24-300x225.jpg 300w, https:\/\/estila.org\/residencia\/wp-content\/uploads\/2024\/07\/20231207-75-Aniversario-24-768x576.jpg 768w, https:\/\/estila.org\/residencia\/wp-content\/uploads\/2024\/07\/20231207-75-Aniversario-24.jpg 1500w\" sizes=\"(max-width: 1024px) 100vw, 1024px\" title=\"Gala del 75 Aniversario Residencia Universitaria en Santiago de Compostela y Colegio Mayor\" \/><\/a><\/figure>\n\n\n\n<figure class=\"wp-block-image size-large\"><a href=\"https:\/\/estila.org\/residencia\/wp-content\/uploads\/2024\/07\/20231207-75-Aniversario-25.jpg\"><img loading=\"lazy\" decoding=\"async\" width=\"1024\" height=\"768\" data-id=\"5499\" src=\"https:\/\/estila.org\/residencia\/wp-content\/uploads\/2024\/07\/20231207-75-Aniversario-25-1024x768.jpg\" alt=\"\" class=\"wp-image-5499\" srcset=\"https:\/\/estila.org\/residencia\/wp-content\/uploads\/2024\/07\/20231207-75-Aniversario-25-1024x768.jpg 1024w, https:\/\/estila.org\/residencia\/wp-content\/uploads\/2024\/07\/20231207-75-Aniversario-25-300x225.jpg 300w, https:\/\/estila.org\/residencia\/wp-content\/uploads\/2024\/07\/20231207-75-Aniversario-25-768x576.jpg 768w, https:\/\/estila.org\/residencia\/wp-content\/uploads\/2024\/07\/20231207-75-Aniversario-25.jpg 1500w\" sizes=\"(max-width: 1024px) 100vw, 1024px\" title=\"Gala del 75 Aniversario Residencia Universitaria en Santiago de Compostela y Colegio Mayor\" \/><\/a><\/figure>\n\n\n\n<figure class=\"wp-block-image size-large\"><a href=\"https:\/\/estila.org\/residencia\/wp-content\/uploads\/2024\/07\/20231207-75-Aniversario-26.jpg\"><img loading=\"lazy\" decoding=\"async\" width=\"1024\" height=\"768\" data-id=\"5500\" src=\"https:\/\/estila.org\/residencia\/wp-content\/uploads\/2024\/07\/20231207-75-Aniversario-26-1024x768.jpg\" alt=\"\" class=\"wp-image-5500\" srcset=\"https:\/\/estila.org\/residencia\/wp-content\/uploads\/2024\/07\/20231207-75-Aniversario-26-1024x768.jpg 1024w, https:\/\/estila.org\/residencia\/wp-content\/uploads\/2024\/07\/20231207-75-Aniversario-26-300x225.jpg 300w, https:\/\/estila.org\/residencia\/wp-content\/uploads\/2024\/07\/20231207-75-Aniversario-26-768x576.jpg 768w, https:\/\/estila.org\/residencia\/wp-content\/uploads\/2024\/07\/20231207-75-Aniversario-26.jpg 1500w\" sizes=\"(max-width: 1024px) 100vw, 1024px\" title=\"Gala del 75 Aniversario Residencia Universitaria en Santiago de Compostela y Colegio Mayor\" \/><\/a><\/figure>\n\n\n\n<figure class=\"wp-block-image size-large\"><a href=\"https:\/\/estila.org\/residencia\/wp-content\/uploads\/2024\/07\/20231207-75-Aniversario-27.jpg\"><img loading=\"lazy\" decoding=\"async\" width=\"1024\" height=\"768\" data-id=\"5501\" src=\"https:\/\/estila.org\/residencia\/wp-content\/uploads\/2024\/07\/20231207-75-Aniversario-27-1024x768.jpg\" alt=\"\" class=\"wp-image-5501\" srcset=\"https:\/\/estila.org\/residencia\/wp-content\/uploads\/2024\/07\/20231207-75-Aniversario-27-1024x768.jpg 1024w, https:\/\/estila.org\/residencia\/wp-content\/uploads\/2024\/07\/20231207-75-Aniversario-27-300x225.jpg 300w, https:\/\/estila.org\/residencia\/wp-content\/uploads\/2024\/07\/20231207-75-Aniversario-27-768x576.jpg 768w, https:\/\/estila.org\/residencia\/wp-content\/uploads\/2024\/07\/20231207-75-Aniversario-27.jpg 1500w\" sizes=\"(max-width: 1024px) 100vw, 1024px\" title=\"Gala del 75 Aniversario Residencia Universitaria en Santiago de Compostela y Colegio Mayor\" \/><\/a><\/figure>\n\n\n\n<figure class=\"wp-block-image size-large\"><a href=\"https:\/\/estila.org\/residencia\/wp-content\/uploads\/2024\/07\/20231207-75-Aniversario-28.jpg\"><img loading=\"lazy\" decoding=\"async\" width=\"1024\" height=\"768\" data-id=\"5502\" src=\"https:\/\/estila.org\/residencia\/wp-content\/uploads\/2024\/07\/20231207-75-Aniversario-28-1024x768.jpg\" alt=\"\" class=\"wp-image-5502\" srcset=\"https:\/\/estila.org\/residencia\/wp-content\/uploads\/2024\/07\/20231207-75-Aniversario-28-1024x768.jpg 1024w, https:\/\/estila.org\/residencia\/wp-content\/uploads\/2024\/07\/20231207-75-Aniversario-28-300x225.jpg 300w, https:\/\/estila.org\/residencia\/wp-content\/uploads\/2024\/07\/20231207-75-Aniversario-28-768x576.jpg 768w, https:\/\/estila.org\/residencia\/wp-content\/uploads\/2024\/07\/20231207-75-Aniversario-28.jpg 1500w\" sizes=\"(max-width: 1024px) 100vw, 1024px\" title=\"Gala del 75 Aniversario Residencia Universitaria en Santiago de Compostela y Colegio Mayor\" \/><\/a><\/figure>\n\n\n\n<figure class=\"wp-block-image size-large\"><a href=\"https:\/\/estila.org\/residencia\/wp-content\/uploads\/2024\/07\/20231207-75-Aniversario-29.jpg\"><img loading=\"lazy\" decoding=\"async\" width=\"1024\" height=\"768\" data-id=\"5503\" src=\"https:\/\/estila.org\/residencia\/wp-content\/uploads\/2024\/07\/20231207-75-Aniversario-29-1024x768.jpg\" alt=\"\" class=\"wp-image-5503\" srcset=\"https:\/\/estila.org\/residencia\/wp-content\/uploads\/2024\/07\/20231207-75-Aniversario-29-1024x768.jpg 1024w, https:\/\/estila.org\/residencia\/wp-content\/uploads\/2024\/07\/20231207-75-Aniversario-29-300x225.jpg 300w, https:\/\/estila.org\/residencia\/wp-content\/uploads\/2024\/07\/20231207-75-Aniversario-29-768x576.jpg 768w, https:\/\/estila.org\/residencia\/wp-content\/uploads\/2024\/07\/20231207-75-Aniversario-29.jpg 1500w\" sizes=\"(max-width: 1024px) 100vw, 1024px\" title=\"Gala del 75 Aniversario Residencia Universitaria en Santiago de Compostela y Colegio Mayor\" \/><\/a><\/figure>\n\n\n\n<figure class=\"wp-block-image size-large\"><a href=\"https:\/\/estila.org\/residencia\/wp-content\/uploads\/2024\/07\/20231207-75-Aniversario-30.jpg\"><img loading=\"lazy\" decoding=\"async\" width=\"1024\" height=\"768\" data-id=\"5504\" src=\"https:\/\/estila.org\/residencia\/wp-content\/uploads\/2024\/07\/20231207-75-Aniversario-30-1024x768.jpg\" alt=\"\" class=\"wp-image-5504\" srcset=\"https:\/\/estila.org\/residencia\/wp-content\/uploads\/2024\/07\/20231207-75-Aniversario-30-1024x768.jpg 1024w, https:\/\/estila.org\/residencia\/wp-content\/uploads\/2024\/07\/20231207-75-Aniversario-30-300x225.jpg 300w, https:\/\/estila.org\/residencia\/wp-content\/uploads\/2024\/07\/20231207-75-Aniversario-30-768x576.jpg 768w, https:\/\/estila.org\/residencia\/wp-content\/uploads\/2024\/07\/20231207-75-Aniversario-30.jpg 1500w\" sizes=\"(max-width: 1024px) 100vw, 1024px\" title=\"Gala del 75 Aniversario Residencia Universitaria en Santiago de Compostela y Colegio Mayor\" \/><\/a><\/figure>\n<\/figure>\n\n\n\n<p><\/p>\n\n\n\n<figure class=\"wp-block-embed is-type-video is-provider-youtube wp-block-embed-youtube wp-embed-aspect-16-9 wp-has-aspect-ratio\"><div class=\"wp-block-embed__wrapper\">\n<iframe title=\"75 Aniversario del Colegio Mayor La Estila\" width=\"1200\" height=\"675\" src=\"https:\/\/www.youtube.com\/embed\/ffXcZ2Jhl1A?feature=oembed\" frameborder=\"0\" allow=\"accelerometer; autoplay; clipboard-write; encrypted-media; gyroscope; picture-in-picture; web-share\" referrerpolicy=\"strict-origin-when-cross-origin\" allowfullscreen><\/iframe>\n<\/div><\/figure>\n\n\n\n<p><\/p>\n\n\n\n<p class=\"has-medium-font-size\"><mark style=\"background-color:rgba(0, 0, 0, 0)\" class=\"has-inline-color has-contrast-color\"><strong>LOS ACTUALES COLEGIALES<\/strong><\/mark><\/p>\n\n\n\n<figure class=\"wp-block-gallery has-nested-images columns-default is-cropped wp-block-gallery-2 is-layout-flex wp-block-gallery-is-layout-flex\">\n<figure class=\"wp-block-image size-large\"><a href=\"https:\/\/estila.org\/residencia\/wp-content\/uploads\/2024\/07\/20231207-75-Aniversario-17.jpg\"><img loading=\"lazy\" decoding=\"async\" width=\"1024\" height=\"768\" data-id=\"5426\" src=\"https:\/\/estila.org\/residencia\/wp-content\/uploads\/2024\/07\/20231207-75-Aniversario-17-1024x768.jpg\" alt=\"\" class=\"wp-image-5426\" srcset=\"https:\/\/estila.org\/residencia\/wp-content\/uploads\/2024\/07\/20231207-75-Aniversario-17-1024x768.jpg 1024w, https:\/\/estila.org\/residencia\/wp-content\/uploads\/2024\/07\/20231207-75-Aniversario-17-300x225.jpg 300w, https:\/\/estila.org\/residencia\/wp-content\/uploads\/2024\/07\/20231207-75-Aniversario-17-768x576.jpg 768w, https:\/\/estila.org\/residencia\/wp-content\/uploads\/2024\/07\/20231207-75-Aniversario-17.jpg 1500w\" sizes=\"(max-width: 1024px) 100vw, 1024px\" title=\"Gala del 75 Aniversario Residencia Universitaria en Santiago de Compostela y Colegio Mayor\" \/><\/a><\/figure>\n\n\n\n<figure class=\"wp-block-image size-large\"><a href=\"https:\/\/estila.org\/residencia\/wp-content\/uploads\/2024\/07\/20231207-75-Aniversario-18.jpg\"><img loading=\"lazy\" decoding=\"async\" width=\"1024\" height=\"768\" data-id=\"5427\" src=\"https:\/\/estila.org\/residencia\/wp-content\/uploads\/2024\/07\/20231207-75-Aniversario-18-1024x768.jpg\" alt=\"\" class=\"wp-image-5427\" srcset=\"https:\/\/estila.org\/residencia\/wp-content\/uploads\/2024\/07\/20231207-75-Aniversario-18-1024x768.jpg 1024w, https:\/\/estila.org\/residencia\/wp-content\/uploads\/2024\/07\/20231207-75-Aniversario-18-300x225.jpg 300w, https:\/\/estila.org\/residencia\/wp-content\/uploads\/2024\/07\/20231207-75-Aniversario-18-768x576.jpg 768w, https:\/\/estila.org\/residencia\/wp-content\/uploads\/2024\/07\/20231207-75-Aniversario-18.jpg 1500w\" sizes=\"(max-width: 1024px) 100vw, 1024px\" title=\"Gala del 75 Aniversario Residencia Universitaria en Santiago de Compostela y Colegio Mayor\" \/><\/a><\/figure>\n\n\n\n<figure class=\"wp-block-image size-large\"><a href=\"https:\/\/estila.org\/residencia\/wp-content\/uploads\/2024\/07\/20231207-75-Aniversario-19.jpg\"><img loading=\"lazy\" decoding=\"async\" width=\"1024\" height=\"768\" data-id=\"5428\" src=\"https:\/\/estila.org\/residencia\/wp-content\/uploads\/2024\/07\/20231207-75-Aniversario-19-1024x768.jpg\" alt=\"\" class=\"wp-image-5428\" srcset=\"https:\/\/estila.org\/residencia\/wp-content\/uploads\/2024\/07\/20231207-75-Aniversario-19-1024x768.jpg 1024w, https:\/\/estila.org\/residencia\/wp-content\/uploads\/2024\/07\/20231207-75-Aniversario-19-300x225.jpg 300w, https:\/\/estila.org\/residencia\/wp-content\/uploads\/2024\/07\/20231207-75-Aniversario-19-768x576.jpg 768w, https:\/\/estila.org\/residencia\/wp-content\/uploads\/2024\/07\/20231207-75-Aniversario-19.jpg 1500w\" sizes=\"(max-width: 1024px) 100vw, 1024px\" title=\"Gala del 75 Aniversario Residencia Universitaria en Santiago de Compostela y Colegio Mayor\" \/><\/a><\/figure>\n\n\n\n<figure class=\"wp-block-image size-large\"><a href=\"https:\/\/estila.org\/residencia\/wp-content\/uploads\/2024\/07\/20231207-75-Aniversario-20.jpg\"><img loading=\"lazy\" decoding=\"async\" width=\"1024\" height=\"768\" data-id=\"5429\" src=\"https:\/\/estila.org\/residencia\/wp-content\/uploads\/2024\/07\/20231207-75-Aniversario-20-1024x768.jpg\" alt=\"\" class=\"wp-image-5429\" srcset=\"https:\/\/estila.org\/residencia\/wp-content\/uploads\/2024\/07\/20231207-75-Aniversario-20-1024x768.jpg 1024w, https:\/\/estila.org\/residencia\/wp-content\/uploads\/2024\/07\/20231207-75-Aniversario-20-300x225.jpg 300w, https:\/\/estila.org\/residencia\/wp-content\/uploads\/2024\/07\/20231207-75-Aniversario-20-768x576.jpg 768w, https:\/\/estila.org\/residencia\/wp-content\/uploads\/2024\/07\/20231207-75-Aniversario-20.jpg 1500w\" sizes=\"(max-width: 1024px) 100vw, 1024px\" title=\"Gala del 75 Aniversario Residencia Universitaria en Santiago de Compostela y Colegio Mayor\" \/><\/a><\/figure>\n\n\n\n<figure class=\"wp-block-image size-large\"><a href=\"https:\/\/estila.org\/residencia\/wp-content\/uploads\/2024\/07\/20231207-75-Aniversario-31-Col.jpg\"><img loading=\"lazy\" decoding=\"async\" width=\"1024\" height=\"768\" data-id=\"5505\" src=\"https:\/\/estila.org\/residencia\/wp-content\/uploads\/2024\/07\/20231207-75-Aniversario-31-Col-1024x768.jpg\" alt=\"\" class=\"wp-image-5505\" srcset=\"https:\/\/estila.org\/residencia\/wp-content\/uploads\/2024\/07\/20231207-75-Aniversario-31-Col-1024x768.jpg 1024w, https:\/\/estila.org\/residencia\/wp-content\/uploads\/2024\/07\/20231207-75-Aniversario-31-Col-300x225.jpg 300w, https:\/\/estila.org\/residencia\/wp-content\/uploads\/2024\/07\/20231207-75-Aniversario-31-Col-768x576.jpg 768w, https:\/\/estila.org\/residencia\/wp-content\/uploads\/2024\/07\/20231207-75-Aniversario-31-Col.jpg 1500w\" sizes=\"(max-width: 1024px) 100vw, 1024px\" title=\"Gala del 75 Aniversario Residencia Universitaria en Santiago de Compostela y Colegio Mayor\" \/><\/a><\/figure>\n\n\n\n<figure class=\"wp-block-image size-large\"><a href=\"https:\/\/estila.org\/residencia\/wp-content\/uploads\/2024\/07\/20231207-75-Aniversario-32.jpg\"><img loading=\"lazy\" decoding=\"async\" width=\"1024\" height=\"768\" data-id=\"5506\" src=\"https:\/\/estila.org\/residencia\/wp-content\/uploads\/2024\/07\/20231207-75-Aniversario-32-1024x768.jpg\" alt=\"\" class=\"wp-image-5506\" srcset=\"https:\/\/estila.org\/residencia\/wp-content\/uploads\/2024\/07\/20231207-75-Aniversario-32-1024x768.jpg 1024w, https:\/\/estila.org\/residencia\/wp-content\/uploads\/2024\/07\/20231207-75-Aniversario-32-300x225.jpg 300w, https:\/\/estila.org\/residencia\/wp-content\/uploads\/2024\/07\/20231207-75-Aniversario-32-768x576.jpg 768w, https:\/\/estila.org\/residencia\/wp-content\/uploads\/2024\/07\/20231207-75-Aniversario-32.jpg 1500w\" sizes=\"(max-width: 1024px) 100vw, 1024px\" title=\"Gala del 75 Aniversario Residencia Universitaria en Santiago de Compostela y Colegio Mayor\" \/><\/a><\/figure>\n\n\n\n<figure class=\"wp-block-image size-large\"><a href=\"https:\/\/estila.org\/residencia\/wp-content\/uploads\/2024\/07\/20231207-75-Aniversario-33.jpg\"><img loading=\"lazy\" decoding=\"async\" width=\"1024\" height=\"768\" data-id=\"5507\" src=\"https:\/\/estila.org\/residencia\/wp-content\/uploads\/2024\/07\/20231207-75-Aniversario-33-1024x768.jpg\" alt=\"\" class=\"wp-image-5507\" srcset=\"https:\/\/estila.org\/residencia\/wp-content\/uploads\/2024\/07\/20231207-75-Aniversario-33-1024x768.jpg 1024w, https:\/\/estila.org\/residencia\/wp-content\/uploads\/2024\/07\/20231207-75-Aniversario-33-300x225.jpg 300w, https:\/\/estila.org\/residencia\/wp-content\/uploads\/2024\/07\/20231207-75-Aniversario-33-768x576.jpg 768w, https:\/\/estila.org\/residencia\/wp-content\/uploads\/2024\/07\/20231207-75-Aniversario-33.jpg 1500w\" sizes=\"(max-width: 1024px) 100vw, 1024px\" title=\"Gala del 75 Aniversario Residencia Universitaria en Santiago de Compostela y Colegio Mayor\" \/><\/a><\/figure>\n\n\n\n<figure class=\"wp-block-image size-large\"><a href=\"https:\/\/estila.org\/residencia\/wp-content\/uploads\/2024\/07\/20231207-75-Aniversario-34.jpg\"><img loading=\"lazy\" decoding=\"async\" width=\"1024\" height=\"768\" data-id=\"5508\" src=\"https:\/\/estila.org\/residencia\/wp-content\/uploads\/2024\/07\/20231207-75-Aniversario-34-1024x768.jpg\" alt=\"\" class=\"wp-image-5508\" srcset=\"https:\/\/estila.org\/residencia\/wp-content\/uploads\/2024\/07\/20231207-75-Aniversario-34-1024x768.jpg 1024w, https:\/\/estila.org\/residencia\/wp-content\/uploads\/2024\/07\/20231207-75-Aniversario-34-300x225.jpg 300w, https:\/\/estila.org\/residencia\/wp-content\/uploads\/2024\/07\/20231207-75-Aniversario-34-768x576.jpg 768w, https:\/\/estila.org\/residencia\/wp-content\/uploads\/2024\/07\/20231207-75-Aniversario-34.jpg 1500w\" sizes=\"(max-width: 1024px) 100vw, 1024px\" title=\"Gala del 75 Aniversario Residencia Universitaria en Santiago de Compostela y Colegio Mayor\" \/><\/a><\/figure>\n\n\n\n<figure class=\"wp-block-image size-large\"><a href=\"https:\/\/estila.org\/residencia\/wp-content\/uploads\/2024\/07\/20231207-75-Aniversario-35.jpg\"><img loading=\"lazy\" decoding=\"async\" width=\"1024\" height=\"768\" data-id=\"5509\" src=\"https:\/\/estila.org\/residencia\/wp-content\/uploads\/2024\/07\/20231207-75-Aniversario-35-1024x768.jpg\" alt=\"\" class=\"wp-image-5509\" srcset=\"https:\/\/estila.org\/residencia\/wp-content\/uploads\/2024\/07\/20231207-75-Aniversario-35-1024x768.jpg 1024w, https:\/\/estila.org\/residencia\/wp-content\/uploads\/2024\/07\/20231207-75-Aniversario-35-300x225.jpg 300w, https:\/\/estila.org\/residencia\/wp-content\/uploads\/2024\/07\/20231207-75-Aniversario-35-768x576.jpg 768w, https:\/\/estila.org\/residencia\/wp-content\/uploads\/2024\/07\/20231207-75-Aniversario-35.jpg 1500w\" sizes=\"(max-width: 1024px) 100vw, 1024px\" title=\"Gala del 75 Aniversario Residencia Universitaria en Santiago de Compostela y Colegio Mayor\" \/><\/a><\/figure>\n\n\n\n<figure class=\"wp-block-image size-large\"><a href=\"https:\/\/estila.org\/residencia\/wp-content\/uploads\/2024\/07\/20231207-75-Aniversario-36.jpg\"><img loading=\"lazy\" decoding=\"async\" width=\"1024\" height=\"768\" data-id=\"5510\" src=\"https:\/\/estila.org\/residencia\/wp-content\/uploads\/2024\/07\/20231207-75-Aniversario-36-1024x768.jpg\" alt=\"\" class=\"wp-image-5510\" srcset=\"https:\/\/estila.org\/residencia\/wp-content\/uploads\/2024\/07\/20231207-75-Aniversario-36-1024x768.jpg 1024w, https:\/\/estila.org\/residencia\/wp-content\/uploads\/2024\/07\/20231207-75-Aniversario-36-300x225.jpg 300w, https:\/\/estila.org\/residencia\/wp-content\/uploads\/2024\/07\/20231207-75-Aniversario-36-768x576.jpg 768w, https:\/\/estila.org\/residencia\/wp-content\/uploads\/2024\/07\/20231207-75-Aniversario-36.jpg 1500w\" sizes=\"(max-width: 1024px) 100vw, 1024px\" title=\"Gala del 75 Aniversario Residencia Universitaria en Santiago de Compostela y Colegio Mayor\" \/><\/a><\/figure>\n\n\n\n<figure class=\"wp-block-image size-large\"><a href=\"https:\/\/estila.org\/residencia\/wp-content\/uploads\/2024\/07\/20231207-75-Aniversario-37.jpg\"><img loading=\"lazy\" decoding=\"async\" width=\"1024\" height=\"768\" data-id=\"5511\" src=\"https:\/\/estila.org\/residencia\/wp-content\/uploads\/2024\/07\/20231207-75-Aniversario-37-1024x768.jpg\" alt=\"\" class=\"wp-image-5511\" srcset=\"https:\/\/estila.org\/residencia\/wp-content\/uploads\/2024\/07\/20231207-75-Aniversario-37-1024x768.jpg 1024w, https:\/\/estila.org\/residencia\/wp-content\/uploads\/2024\/07\/20231207-75-Aniversario-37-300x225.jpg 300w, https:\/\/estila.org\/residencia\/wp-content\/uploads\/2024\/07\/20231207-75-Aniversario-37-768x576.jpg 768w, https:\/\/estila.org\/residencia\/wp-content\/uploads\/2024\/07\/20231207-75-Aniversario-37.jpg 1500w\" sizes=\"(max-width: 1024px) 100vw, 1024px\" title=\"Gala del 75 Aniversario Residencia Universitaria en Santiago de Compostela y Colegio Mayor\" \/><\/a><\/figure>\n\n\n\n<figure class=\"wp-block-image size-large\"><a href=\"https:\/\/estila.org\/residencia\/wp-content\/uploads\/2024\/07\/20231207-75-Aniversario-38.jpg\"><img loading=\"lazy\" decoding=\"async\" width=\"1024\" height=\"768\" data-id=\"5512\" src=\"https:\/\/estila.org\/residencia\/wp-content\/uploads\/2024\/07\/20231207-75-Aniversario-38-1024x768.jpg\" alt=\"\" class=\"wp-image-5512\" srcset=\"https:\/\/estila.org\/residencia\/wp-content\/uploads\/2024\/07\/20231207-75-Aniversario-38-1024x768.jpg 1024w, https:\/\/estila.org\/residencia\/wp-content\/uploads\/2024\/07\/20231207-75-Aniversario-38-300x225.jpg 300w, https:\/\/estila.org\/residencia\/wp-content\/uploads\/2024\/07\/20231207-75-Aniversario-38-768x576.jpg 768w, https:\/\/estila.org\/residencia\/wp-content\/uploads\/2024\/07\/20231207-75-Aniversario-38.jpg 1500w\" sizes=\"(max-width: 1024px) 100vw, 1024px\" title=\"Gala del 75 Aniversario Residencia Universitaria en Santiago de Compostela y Colegio Mayor\" \/><\/a><\/figure>\n\n\n\n<figure class=\"wp-block-image size-large\"><a href=\"https:\/\/estila.org\/residencia\/wp-content\/uploads\/2024\/07\/20231207-75-Aniversario-39.jpg\"><img loading=\"lazy\" decoding=\"async\" width=\"1024\" height=\"768\" data-id=\"5513\" src=\"https:\/\/estila.org\/residencia\/wp-content\/uploads\/2024\/07\/20231207-75-Aniversario-39-1024x768.jpg\" alt=\"\" class=\"wp-image-5513\" srcset=\"https:\/\/estila.org\/residencia\/wp-content\/uploads\/2024\/07\/20231207-75-Aniversario-39-1024x768.jpg 1024w, https:\/\/estila.org\/residencia\/wp-content\/uploads\/2024\/07\/20231207-75-Aniversario-39-300x225.jpg 300w, https:\/\/estila.org\/residencia\/wp-content\/uploads\/2024\/07\/20231207-75-Aniversario-39-768x576.jpg 768w, https:\/\/estila.org\/residencia\/wp-content\/uploads\/2024\/07\/20231207-75-Aniversario-39.jpg 1500w\" sizes=\"(max-width: 1024px) 100vw, 1024px\" title=\"Gala del 75 Aniversario Residencia Universitaria en Santiago de Compostela y Colegio Mayor\" \/><\/a><\/figure>\n<\/figure>\n\n\n\n<p><\/p>\n\n\n\n<p><\/p>\n\n\n\n<p class=\"has-medium-font-size\"><strong><mark style=\"background-color:rgba(0, 0, 0, 0)\" class=\"has-inline-color has-contrast-color\">XUNTANZA DE ANTIGUOS<\/mark><\/strong><\/p>\n\n\n\n<p>Como muchos de los antiguos colegiales no pudieron asistir a la gala del 7 de diciembre de 2023, en el \u00faltimo s\u00e1bado del mes de abril de 2024 organizamos un encuentro en La Estila para celebrar \u201cen segunda convocatoria\u201d con algunos de los que viven en Galicia. Fue un encuentro m\u00e1s informal, con una Misa en el Oratorio del Colegio Mayor y comida en el Bar. Despu\u00e9s tuvimos en el Sal\u00f3n de Actos una divertida tertulia musical y un concurso con participaci\u00f3n de los colegiales actuales.&nbsp;<\/p>\n\n\n\n<figure class=\"wp-block-gallery has-nested-images columns-default is-cropped wp-block-gallery-3 is-layout-flex wp-block-gallery-is-layout-flex\">\n<figure class=\"wp-block-image size-large\"><a href=\"https:\/\/estila.org\/residencia\/wp-content\/uploads\/2024\/07\/20240427-Xuntanza-Antiguos-01.jpg\"><img loading=\"lazy\" decoding=\"async\" width=\"1024\" height=\"757\" data-id=\"5457\" src=\"https:\/\/estila.org\/residencia\/wp-content\/uploads\/2024\/07\/20240427-Xuntanza-Antiguos-01-1024x757.jpg\" alt=\"\" class=\"wp-image-5457\" srcset=\"https:\/\/estila.org\/residencia\/wp-content\/uploads\/2024\/07\/20240427-Xuntanza-Antiguos-01-1024x757.jpg 1024w, https:\/\/estila.org\/residencia\/wp-content\/uploads\/2024\/07\/20240427-Xuntanza-Antiguos-01-300x222.jpg 300w, https:\/\/estila.org\/residencia\/wp-content\/uploads\/2024\/07\/20240427-Xuntanza-Antiguos-01-768x568.jpg 768w, https:\/\/estila.org\/residencia\/wp-content\/uploads\/2024\/07\/20240427-Xuntanza-Antiguos-01-1536x1136.jpg 1536w, https:\/\/estila.org\/residencia\/wp-content\/uploads\/2024\/07\/20240427-Xuntanza-Antiguos-01-2048x1514.jpg 2048w\" sizes=\"(max-width: 1024px) 100vw, 1024px\" title=\"Gala del 75 Aniversario Residencia Universitaria en Santiago de Compostela y Colegio Mayor\" \/><\/a><\/figure>\n\n\n\n<figure class=\"wp-block-image size-large\"><a href=\"https:\/\/estila.org\/residencia\/wp-content\/uploads\/2024\/07\/20240427-Xuntanza-Antiguos-02.jpg\"><img loading=\"lazy\" decoding=\"async\" width=\"1024\" height=\"518\" data-id=\"5458\" src=\"https:\/\/estila.org\/residencia\/wp-content\/uploads\/2024\/07\/20240427-Xuntanza-Antiguos-02-1024x518.jpg\" alt=\"\" class=\"wp-image-5458\" srcset=\"https:\/\/estila.org\/residencia\/wp-content\/uploads\/2024\/07\/20240427-Xuntanza-Antiguos-02-1024x518.jpg 1024w, https:\/\/estila.org\/residencia\/wp-content\/uploads\/2024\/07\/20240427-Xuntanza-Antiguos-02-300x152.jpg 300w, https:\/\/estila.org\/residencia\/wp-content\/uploads\/2024\/07\/20240427-Xuntanza-Antiguos-02-768x389.jpg 768w, https:\/\/estila.org\/residencia\/wp-content\/uploads\/2024\/07\/20240427-Xuntanza-Antiguos-02.jpg 1500w\" sizes=\"(max-width: 1024px) 100vw, 1024px\" title=\"Gala del 75 Aniversario Residencia Universitaria en Santiago de Compostela y Colegio Mayor\" \/><\/a><\/figure>\n\n\n\n<figure class=\"wp-block-image size-large\"><a href=\"https:\/\/estila.org\/residencia\/wp-content\/uploads\/2024\/07\/20240427-Xuntanza-Antiguos-03-scaled.jpg\"><img loading=\"lazy\" decoding=\"async\" width=\"1024\" height=\"768\" data-id=\"5459\" src=\"https:\/\/estila.org\/residencia\/wp-content\/uploads\/2024\/07\/20240427-Xuntanza-Antiguos-03-1024x768.jpg\" alt=\"\" class=\"wp-image-5459\" srcset=\"https:\/\/estila.org\/residencia\/wp-content\/uploads\/2024\/07\/20240427-Xuntanza-Antiguos-03-1024x768.jpg 1024w, https:\/\/estila.org\/residencia\/wp-content\/uploads\/2024\/07\/20240427-Xuntanza-Antiguos-03-300x225.jpg 300w, https:\/\/estila.org\/residencia\/wp-content\/uploads\/2024\/07\/20240427-Xuntanza-Antiguos-03-768x576.jpg 768w, https:\/\/estila.org\/residencia\/wp-content\/uploads\/2024\/07\/20240427-Xuntanza-Antiguos-03-1536x1152.jpg 1536w, https:\/\/estila.org\/residencia\/wp-content\/uploads\/2024\/07\/20240427-Xuntanza-Antiguos-03-2048x1536.jpg 2048w\" sizes=\"(max-width: 1024px) 100vw, 1024px\" title=\"Gala del 75 Aniversario Residencia Universitaria en Santiago de Compostela y Colegio Mayor\" \/><\/a><\/figure>\n\n\n\n<figure class=\"wp-block-image size-large\"><a href=\"https:\/\/estila.org\/residencia\/wp-content\/uploads\/2024\/07\/20240427-Xuntanza-Antiguos-04.jpg\"><img loading=\"lazy\" decoding=\"async\" width=\"982\" height=\"1024\" data-id=\"5460\" src=\"https:\/\/estila.org\/residencia\/wp-content\/uploads\/2024\/07\/20240427-Xuntanza-Antiguos-04-982x1024.jpg\" alt=\"\" class=\"wp-image-5460\" srcset=\"https:\/\/estila.org\/residencia\/wp-content\/uploads\/2024\/07\/20240427-Xuntanza-Antiguos-04-982x1024.jpg 982w, https:\/\/estila.org\/residencia\/wp-content\/uploads\/2024\/07\/20240427-Xuntanza-Antiguos-04-288x300.jpg 288w, https:\/\/estila.org\/residencia\/wp-content\/uploads\/2024\/07\/20240427-Xuntanza-Antiguos-04-768x801.jpg 768w, https:\/\/estila.org\/residencia\/wp-content\/uploads\/2024\/07\/20240427-Xuntanza-Antiguos-04-1472x1536.jpg 1472w, https:\/\/estila.org\/residencia\/wp-content\/uploads\/2024\/07\/20240427-Xuntanza-Antiguos-04-1963x2048.jpg 1963w, https:\/\/estila.org\/residencia\/wp-content\/uploads\/2024\/07\/20240427-Xuntanza-Antiguos-04.jpg 1966w\" sizes=\"(max-width: 982px) 100vw, 982px\" title=\"Gala del 75 Aniversario Residencia Universitaria en Santiago de Compostela y Colegio Mayor\" \/><\/a><\/figure>\n\n\n\n<figure class=\"wp-block-image size-large\"><a href=\"https:\/\/estila.org\/residencia\/wp-content\/uploads\/2024\/07\/20240427-Xuntanza-Antiguos-05-scaled.jpg\"><img loading=\"lazy\" decoding=\"async\" width=\"768\" height=\"1024\" data-id=\"5461\" src=\"https:\/\/estila.org\/residencia\/wp-content\/uploads\/2024\/07\/20240427-Xuntanza-Antiguos-05-768x1024.jpg\" alt=\"\" class=\"wp-image-5461\" srcset=\"https:\/\/estila.org\/residencia\/wp-content\/uploads\/2024\/07\/20240427-Xuntanza-Antiguos-05-768x1024.jpg 768w, https:\/\/estila.org\/residencia\/wp-content\/uploads\/2024\/07\/20240427-Xuntanza-Antiguos-05-225x300.jpg 225w, https:\/\/estila.org\/residencia\/wp-content\/uploads\/2024\/07\/20240427-Xuntanza-Antiguos-05-1152x1536.jpg 1152w, https:\/\/estila.org\/residencia\/wp-content\/uploads\/2024\/07\/20240427-Xuntanza-Antiguos-05-1536x2048.jpg 1536w, https:\/\/estila.org\/residencia\/wp-content\/uploads\/2024\/07\/20240427-Xuntanza-Antiguos-05-scaled.jpg 1920w\" sizes=\"(max-width: 768px) 100vw, 768px\" title=\"Gala del 75 Aniversario Residencia Universitaria en Santiago de Compostela y Colegio Mayor\" \/><\/a><\/figure>\n<\/figure>\n","protected":false},"excerpt":{"rendered":"<p>\u00a1Aqu\u00ed estamos! En la \u201cCasa del Se\u00f1or Santiago\u201d al terminar la Misa de Acci\u00f3n de Gracias el 7 de diciembre de 2023. En una fiesta muy alegre, dos centenares de antiguos colegiales, junto con los residentes de este curso, nos reunimos para celebrar el 75 aniversario del Colegio Mayor con una misa en la Catedral, &#8230; <\/p>\n<p class=\"read-more-container\"><a title=\"Gala del 75 Aniversario\" class=\"read-more button\" href=\"https:\/\/estila.org\/residencia\/gala-del-75-aniversario-2\/#more-5649\" aria-label=\"Leer m\u00e1s sobre Gala del 75 Aniversario\">Leer m\u00e1s<\/a><\/p>\n","protected":false},"author":7,"featured_media":5410,"comment_status":"closed","ping_status":"closed","sticky":false,"template":"","format":"standard","meta":{"footnotes":""},"categories":[31],"tags":[],"class_list":["post-5649","post","type-post","status-publish","format-standard","has-post-thumbnail","hentry","category-antiguos-residentes","infinite-scroll-item"],"aioseo_notices":[],"_links":{"self":[{"href":"https:\/\/estila.org\/residencia\/wp-json\/wp\/v2\/posts\/5649","targetHints":{"allow":["GET"]}}],"collection":[{"href":"https:\/\/estila.org\/residencia\/wp-json\/wp\/v2\/posts"}],"about":[{"href":"https:\/\/estila.org\/residencia\/wp-json\/wp\/v2\/types\/post"}],"author":[{"embeddable":true,"href":"https:\/\/estila.org\/residencia\/wp-json\/wp\/v2\/users\/7"}],"replies":[{"embeddable":true,"href":"https:\/\/estila.org\/residencia\/wp-json\/wp\/v2\/comments?post=5649"}],"version-history":[{"count":4,"href":"https:\/\/estila.org\/residencia\/wp-json\/wp\/v2\/posts\/5649\/revisions"}],"predecessor-version":[{"id":6335,"href":"https:\/\/estila.org\/residencia\/wp-json\/wp\/v2\/posts\/5649\/revisions\/6335"}],"wp:featuredmedia":[{"embeddable":true,"href":"https:\/\/estila.org\/residencia\/wp-json\/wp\/v2\/media\/5410"}],"wp:attachment":[{"href":"https:\/\/estila.org\/residencia\/wp-json\/wp\/v2\/media?parent=5649"}],"wp:term":[{"taxonomy":"category","embeddable":true,"href":"https:\/\/estila.org\/residencia\/wp-json\/wp\/v2\/categories?post=5649"},{"taxonomy":"post_tag","embeddable":true,"href":"https:\/\/estila.org\/residencia\/wp-json\/wp\/v2\/tags?post=5649"}],"curies":[{"name":"wp","href":"https:\/\/api.w.org\/{rel}","templated":true}]}}