{"id":5614,"date":"2024-06-04T10:58:00","date_gmt":"2024-06-04T10:58:00","guid":{"rendered":"https:\/\/estila.org\/residencia\/?p=5614"},"modified":"2024-07-16T11:00:06","modified_gmt":"2024-07-16T11:00:06","slug":"churrascada-de-despedida","status":"publish","type":"post","link":"https:\/\/estila.org\/residencia\/churrascada-de-despedida\/","title":{"rendered":"Churrascada de despedida"},"content":{"rendered":"\n<p>Y este es el momento de la nostalgia, los brindis, las despedidas y las \u00faltimas fotos por carreras o por actividades conjuntas. La churrascada de fin de curso es el \u00faltimo evento festivo de un a\u00f1o marcado por los tres elementos claves en la vida de La Estila: el estudio, el deporte y la fiesta, siempre en compa\u00f1\u00eda. Aqu\u00ed se forjan amistades para toda una vida.<\/p>\n\n\n\n<p><\/p>\n\n\n\n<p><\/p>\n\n\n\n<figure class=\"wp-block-gallery has-nested-images columns-default is-cropped wp-block-gallery-1 is-layout-flex wp-block-gallery-is-layout-flex\">\n<figure class=\"wp-block-image size-large\"><a href=\"https:\/\/estila.org\/residencia\/wp-content\/uploads\/2024\/07\/20240604-Churrascada-02.jpg\"><img fetchpriority=\"high\" decoding=\"async\" width=\"1024\" height=\"768\" data-id=\"5469\" src=\"https:\/\/estila.org\/residencia\/wp-content\/uploads\/2024\/07\/20240604-Churrascada-02-1024x768.jpg\" alt=\"\" class=\"wp-image-5469\" srcset=\"https:\/\/estila.org\/residencia\/wp-content\/uploads\/2024\/07\/20240604-Churrascada-02-1024x768.jpg 1024w, https:\/\/estila.org\/residencia\/wp-content\/uploads\/2024\/07\/20240604-Churrascada-02-300x225.jpg 300w, https:\/\/estila.org\/residencia\/wp-content\/uploads\/2024\/07\/20240604-Churrascada-02-768x576.jpg 768w, https:\/\/estila.org\/residencia\/wp-content\/uploads\/2024\/07\/20240604-Churrascada-02.jpg 1500w\" sizes=\"(max-width: 1024px) 100vw, 1024px\" title=\"Churrascada de despedida Residencia Universitaria en Santiago de Compostela y Colegio Mayor\" \/><\/a><\/figure>\n\n\n\n<figure class=\"wp-block-image size-large\"><a href=\"https:\/\/estila.org\/residencia\/wp-content\/uploads\/2024\/07\/20240604-Churrascada-03.jpg\"><img decoding=\"async\" width=\"1024\" height=\"768\" data-id=\"5470\" src=\"https:\/\/estila.org\/residencia\/wp-content\/uploads\/2024\/07\/20240604-Churrascada-03-1024x768.jpg\" alt=\"\" class=\"wp-image-5470\" srcset=\"https:\/\/estila.org\/residencia\/wp-content\/uploads\/2024\/07\/20240604-Churrascada-03-1024x768.jpg 1024w, https:\/\/estila.org\/residencia\/wp-content\/uploads\/2024\/07\/20240604-Churrascada-03-300x225.jpg 300w, https:\/\/estila.org\/residencia\/wp-content\/uploads\/2024\/07\/20240604-Churrascada-03-768x576.jpg 768w, https:\/\/estila.org\/residencia\/wp-content\/uploads\/2024\/07\/20240604-Churrascada-03.jpg 1500w\" sizes=\"(max-width: 1024px) 100vw, 1024px\" title=\"Churrascada de despedida Residencia Universitaria en Santiago de Compostela y Colegio Mayor\" \/><\/a><\/figure>\n<\/figure>\n","protected":false},"excerpt":{"rendered":"<p>Y este es el momento de la nostalgia, los brindis, las despedidas y las \u00faltimas fotos por carreras o por actividades conjuntas. La churrascada de fin de curso es el \u00faltimo evento festivo de un a\u00f1o marcado por los tres elementos claves en la vida de La Estila: el estudio, el deporte y la fiesta, &#8230; <\/p>\n<p class=\"read-more-container\"><a title=\"Churrascada de despedida\" class=\"read-more button\" href=\"https:\/\/estila.org\/residencia\/churrascada-de-despedida\/#more-5614\" aria-label=\"Leer m\u00e1s sobre Churrascada de despedida\">Leer m\u00e1s<\/a><\/p>\n","protected":false},"author":7,"featured_media":5468,"comment_status":"closed","ping_status":"closed","sticky":false,"template":"","format":"standard","meta":{"footnotes":""},"categories":[27],"tags":[],"class_list":["post-5614","post","type-post","status-publish","format-standard","has-post-thumbnail","hentry","category-noticias","infinite-scroll-item"],"aioseo_notices":[],"_links":{"self":[{"href":"https:\/\/estila.org\/residencia\/wp-json\/wp\/v2\/posts\/5614","targetHints":{"allow":["GET"]}}],"collection":[{"href":"https:\/\/estila.org\/residencia\/wp-json\/wp\/v2\/posts"}],"about":[{"href":"https:\/\/estila.org\/residencia\/wp-json\/wp\/v2\/types\/post"}],"author":[{"embeddable":true,"href":"https:\/\/estila.org\/residencia\/wp-json\/wp\/v2\/users\/7"}],"replies":[{"embeddable":true,"href":"https:\/\/estila.org\/residencia\/wp-json\/wp\/v2\/comments?post=5614"}],"version-history":[{"count":1,"href":"https:\/\/estila.org\/residencia\/wp-json\/wp\/v2\/posts\/5614\/revisions"}],"predecessor-version":[{"id":5615,"href":"https:\/\/estila.org\/residencia\/wp-json\/wp\/v2\/posts\/5614\/revisions\/5615"}],"wp:featuredmedia":[{"embeddable":true,"href":"https:\/\/estila.org\/residencia\/wp-json\/wp\/v2\/media\/5468"}],"wp:attachment":[{"href":"https:\/\/estila.org\/residencia\/wp-json\/wp\/v2\/media?parent=5614"}],"wp:term":[{"taxonomy":"category","embeddable":true,"href":"https:\/\/estila.org\/residencia\/wp-json\/wp\/v2\/categories?post=5614"},{"taxonomy":"post_tag","embeddable":true,"href":"https:\/\/estila.org\/residencia\/wp-json\/wp\/v2\/tags?post=5614"}],"curies":[{"name":"wp","href":"https:\/\/api.w.org\/{rel}","templated":true}]}}