{"id":5587,"date":"2024-03-02T10:35:00","date_gmt":"2024-03-02T10:35:00","guid":{"rendered":"https:\/\/estila.org\/residencia\/?p=5587"},"modified":"2024-07-16T10:36:46","modified_gmt":"2024-07-16T10:36:46","slug":"ancelotti-y-el-futbol-italiano","status":"publish","type":"post","link":"https:\/\/estila.org\/residencia\/ancelotti-y-el-futbol-italiano\/","title":{"rendered":"Ancelotti y el f\u00fatbol italiano"},"content":{"rendered":"\n<p>El antiguo director de comunicaci\u00f3n del IESE, portavoz del papa Francisco, corresponsal en Roma de Fox News y TIME Magazine lleg\u00f3 exhausto pero muy contento despu\u00e9s de recorrer a pie los \u00faltimos 100 kil\u00f3metros del Camino de Santiago con j\u00f3venes de un colegio de educaci\u00f3n secundaria en Washington. Por eso, en lugar de hablar de asuntos mundiales, conversamos con Greg Burke sobre el entrenador Carlo Ancelotti, a quien conoce muy bien por haberle acompa\u00f1ado un a\u00f1o para su libro\u00a0<em>Parma: One Year in serie A<\/em>, 1989.<\/p>\n","protected":false},"excerpt":{"rendered":"<p>El antiguo director de comunicaci\u00f3n del IESE, portavoz del papa Francisco, corresponsal en Roma de Fox News y TIME Magazine lleg\u00f3 exhausto pero muy contento despu\u00e9s de recorrer a pie los \u00faltimos 100 kil\u00f3metros del Camino de Santiago con j\u00f3venes de un colegio de educaci\u00f3n secundaria en Washington. Por eso, en lugar de hablar de &#8230; <\/p>\n<p class=\"read-more-container\"><a title=\"Ancelotti y el f\u00fatbol italiano\" class=\"read-more button\" href=\"https:\/\/estila.org\/residencia\/ancelotti-y-el-futbol-italiano\/#more-5587\" aria-label=\"Leer m\u00e1s sobre Ancelotti y el f\u00fatbol italiano\">Leer m\u00e1s<\/a><\/p>\n","protected":false},"author":7,"featured_media":5438,"comment_status":"closed","ping_status":"closed","sticky":false,"template":"","format":"standard","meta":{"footnotes":""},"categories":[27],"tags":[],"class_list":["post-5587","post","type-post","status-publish","format-standard","has-post-thumbnail","hentry","category-noticias","infinite-scroll-item"],"aioseo_notices":[],"_links":{"self":[{"href":"https:\/\/estila.org\/residencia\/wp-json\/wp\/v2\/posts\/5587","targetHints":{"allow":["GET"]}}],"collection":[{"href":"https:\/\/estila.org\/residencia\/wp-json\/wp\/v2\/posts"}],"about":[{"href":"https:\/\/estila.org\/residencia\/wp-json\/wp\/v2\/types\/post"}],"author":[{"embeddable":true,"href":"https:\/\/estila.org\/residencia\/wp-json\/wp\/v2\/users\/7"}],"replies":[{"embeddable":true,"href":"https:\/\/estila.org\/residencia\/wp-json\/wp\/v2\/comments?post=5587"}],"version-history":[{"count":1,"href":"https:\/\/estila.org\/residencia\/wp-json\/wp\/v2\/posts\/5587\/revisions"}],"predecessor-version":[{"id":5588,"href":"https:\/\/estila.org\/residencia\/wp-json\/wp\/v2\/posts\/5587\/revisions\/5588"}],"wp:featuredmedia":[{"embeddable":true,"href":"https:\/\/estila.org\/residencia\/wp-json\/wp\/v2\/media\/5438"}],"wp:attachment":[{"href":"https:\/\/estila.org\/residencia\/wp-json\/wp\/v2\/media?parent=5587"}],"wp:term":[{"taxonomy":"category","embeddable":true,"href":"https:\/\/estila.org\/residencia\/wp-json\/wp\/v2\/categories?post=5587"},{"taxonomy":"post_tag","embeddable":true,"href":"https:\/\/estila.org\/residencia\/wp-json\/wp\/v2\/tags?post=5587"}],"curies":[{"name":"wp","href":"https:\/\/api.w.org\/{rel}","templated":true}]}}