{"id":5577,"date":"2024-01-31T10:30:00","date_gmt":"2024-01-31T10:30:00","guid":{"rendered":"https:\/\/estila.org\/residencia\/?p=5577"},"modified":"2024-07-16T10:31:56","modified_gmt":"2024-07-16T10:31:56","slug":"pianista-japonesa-y-europea","status":"publish","type":"post","link":"https:\/\/estila.org\/residencia\/pianista-japonesa-y-europea\/","title":{"rendered":"Pianista japonesa y europea"},"content":{"rendered":"\n<p>La pianista y compositora japonesa, Mine Kawakami, graduada por la Hochschule f\u00fcr Musik und Theater M\u00fcnchen, una de las importantes escuelas superiores de Alemania, y por el Real Conservatorio de M\u00fasica de Madrid, relat\u00f3 su carrera profesional en los cinco continentes, incluido su trabajo como compositora oficial de la Exposici\u00f3n Universal de Aichi (2005) y el documental \u201cThe Shape of Sound: a Piano Paints the Seasons of Nara\u201d, emitido por la televisi\u00f3n p\u00fablica de su pa\u00eds NHK. Mine se gan\u00f3 a los colegiales por su simpat\u00eda y su continua invitaci\u00f3n a buscar la excelencia en cualquier actividad profesional.<\/p>\n","protected":false},"excerpt":{"rendered":"<p>La pianista y compositora japonesa, Mine Kawakami, graduada por la Hochschule f\u00fcr Musik und Theater M\u00fcnchen, una de las importantes escuelas superiores de Alemania, y por el Real Conservatorio de M\u00fasica de Madrid, relat\u00f3 su carrera profesional en los cinco continentes, incluido su trabajo como compositora oficial de la Exposici\u00f3n Universal de Aichi (2005) y &#8230; <\/p>\n<p class=\"read-more-container\"><a title=\"Pianista japonesa y europea\" class=\"read-more button\" href=\"https:\/\/estila.org\/residencia\/pianista-japonesa-y-europea\/#more-5577\" aria-label=\"Leer m\u00e1s sobre Pianista japonesa y europea\">Leer m\u00e1s<\/a><\/p>\n","protected":false},"author":7,"featured_media":5433,"comment_status":"closed","ping_status":"closed","sticky":false,"template":"","format":"standard","meta":{"footnotes":""},"categories":[27],"tags":[],"class_list":["post-5577","post","type-post","status-publish","format-standard","has-post-thumbnail","hentry","category-noticias","infinite-scroll-item"],"aioseo_notices":[],"_links":{"self":[{"href":"https:\/\/estila.org\/residencia\/wp-json\/wp\/v2\/posts\/5577","targetHints":{"allow":["GET"]}}],"collection":[{"href":"https:\/\/estila.org\/residencia\/wp-json\/wp\/v2\/posts"}],"about":[{"href":"https:\/\/estila.org\/residencia\/wp-json\/wp\/v2\/types\/post"}],"author":[{"embeddable":true,"href":"https:\/\/estila.org\/residencia\/wp-json\/wp\/v2\/users\/7"}],"replies":[{"embeddable":true,"href":"https:\/\/estila.org\/residencia\/wp-json\/wp\/v2\/comments?post=5577"}],"version-history":[{"count":1,"href":"https:\/\/estila.org\/residencia\/wp-json\/wp\/v2\/posts\/5577\/revisions"}],"predecessor-version":[{"id":5578,"href":"https:\/\/estila.org\/residencia\/wp-json\/wp\/v2\/posts\/5577\/revisions\/5578"}],"wp:featuredmedia":[{"embeddable":true,"href":"https:\/\/estila.org\/residencia\/wp-json\/wp\/v2\/media\/5433"}],"wp:attachment":[{"href":"https:\/\/estila.org\/residencia\/wp-json\/wp\/v2\/media?parent=5577"}],"wp:term":[{"taxonomy":"category","embeddable":true,"href":"https:\/\/estila.org\/residencia\/wp-json\/wp\/v2\/categories?post=5577"},{"taxonomy":"post_tag","embeddable":true,"href":"https:\/\/estila.org\/residencia\/wp-json\/wp\/v2\/tags?post=5577"}],"curies":[{"name":"wp","href":"https:\/\/api.w.org\/{rel}","templated":true}]}}