{"id":5575,"date":"2023-12-28T10:29:00","date_gmt":"2023-12-28T10:29:00","guid":{"rendered":"https:\/\/estila.org\/residencia\/?p=5575"},"modified":"2024-07-16T10:30:49","modified_gmt":"2024-07-16T10:30:49","slug":"brindis-de-navidad-periodistas","status":"publish","type":"post","link":"https:\/\/estila.org\/residencia\/brindis-de-navidad-periodistas\/","title":{"rendered":"Brindis de Navidad Periodistas"},"content":{"rendered":"\n<p>El tradicional brindis de Navidad con periodistas cont\u00f3 con la presencia de la presidenta de la Asociaci\u00f3n de Periodistas de Galicia APG, Mar\u00eda M\u00e9ndez, y el conselleiro de Cultura de la Xunta de Galicia, Rom\u00e1n Rodr\u00edguez, junto con periodistas, escritores y editores.<\/p>\n","protected":false},"excerpt":{"rendered":"<p>El tradicional brindis de Navidad con periodistas cont\u00f3 con la presencia de la presidenta de la Asociaci\u00f3n de Periodistas de Galicia APG, Mar\u00eda M\u00e9ndez, y el conselleiro de Cultura de la Xunta de Galicia, Rom\u00e1n Rodr\u00edguez, junto con periodistas, escritores y editores.<\/p>\n","protected":false},"author":7,"featured_media":5432,"comment_status":"closed","ping_status":"closed","sticky":false,"template":"","format":"standard","meta":{"footnotes":""},"categories":[27],"tags":[],"class_list":["post-5575","post","type-post","status-publish","format-standard","has-post-thumbnail","hentry","category-noticias","infinite-scroll-item"],"aioseo_notices":[],"_links":{"self":[{"href":"https:\/\/estila.org\/residencia\/wp-json\/wp\/v2\/posts\/5575","targetHints":{"allow":["GET"]}}],"collection":[{"href":"https:\/\/estila.org\/residencia\/wp-json\/wp\/v2\/posts"}],"about":[{"href":"https:\/\/estila.org\/residencia\/wp-json\/wp\/v2\/types\/post"}],"author":[{"embeddable":true,"href":"https:\/\/estila.org\/residencia\/wp-json\/wp\/v2\/users\/7"}],"replies":[{"embeddable":true,"href":"https:\/\/estila.org\/residencia\/wp-json\/wp\/v2\/comments?post=5575"}],"version-history":[{"count":1,"href":"https:\/\/estila.org\/residencia\/wp-json\/wp\/v2\/posts\/5575\/revisions"}],"predecessor-version":[{"id":5576,"href":"https:\/\/estila.org\/residencia\/wp-json\/wp\/v2\/posts\/5575\/revisions\/5576"}],"wp:featuredmedia":[{"embeddable":true,"href":"https:\/\/estila.org\/residencia\/wp-json\/wp\/v2\/media\/5432"}],"wp:attachment":[{"href":"https:\/\/estila.org\/residencia\/wp-json\/wp\/v2\/media?parent=5575"}],"wp:term":[{"taxonomy":"category","embeddable":true,"href":"https:\/\/estila.org\/residencia\/wp-json\/wp\/v2\/categories?post=5575"},{"taxonomy":"post_tag","embeddable":true,"href":"https:\/\/estila.org\/residencia\/wp-json\/wp\/v2\/tags?post=5575"}],"curies":[{"name":"wp","href":"https:\/\/api.w.org\/{rel}","templated":true}]}}