{"id":5537,"date":"2024-04-24T09:34:00","date_gmt":"2024-04-24T09:34:00","guid":{"rendered":"https:\/\/estila.org\/residencia\/?p=5537"},"modified":"2024-07-16T09:47:30","modified_gmt":"2024-07-16T09:47:30","slug":"univ-congreso-en-roma","status":"publish","type":"post","link":"https:\/\/estila.org\/residencia\/univ-congreso-en-roma\/","title":{"rendered":"UNIV Congreso en Roma"},"content":{"rendered":"\n<p>El Congreso Internacional UNIV, celebrado en Roma,&nbsp;&nbsp;se inici\u00f3 con la Fase Local de Galicia en la que presentaron ponencias varios representantes de La Estila, Juan Ram\u00f3n G\u00f3mez-Martino, Carlos Garc\u00eda y Javier Mel\u00e9ndez sobre el autodiagn\u00f3stico en Internet; Giancarlo Bolledi sobre la relaci\u00f3n m\u00e9dico-paciente; Nicol\u00e1s Guira\u00fam, V\u00edctor Jim\u00e9nez y Miguel Torres sobre los ancianos; y un grupo de diez colegiales dirigidos por David Duyos con una creativa \u201cFanfarria por el hombre com\u00fan\u201d.<\/p>\n\n\n\n<figure class=\"wp-block-image size-large\"><a href=\"https:\/\/estila.org\/residencia\/wp-content\/uploads\/2024\/07\/20240326-UNIV-Congreso-Chelu-Marito.jpeg\"><img fetchpriority=\"high\" decoding=\"async\" width=\"1024\" height=\"768\" src=\"https:\/\/estila.org\/residencia\/wp-content\/uploads\/2024\/07\/20240326-UNIV-Congreso-Chelu-Marito-1024x768.jpeg\" alt=\"\" class=\"wp-image-5495\" srcset=\"https:\/\/estila.org\/residencia\/wp-content\/uploads\/2024\/07\/20240326-UNIV-Congreso-Chelu-Marito-1024x768.jpeg 1024w, https:\/\/estila.org\/residencia\/wp-content\/uploads\/2024\/07\/20240326-UNIV-Congreso-Chelu-Marito-300x225.jpeg 300w, https:\/\/estila.org\/residencia\/wp-content\/uploads\/2024\/07\/20240326-UNIV-Congreso-Chelu-Marito-768x576.jpeg 768w, https:\/\/estila.org\/residencia\/wp-content\/uploads\/2024\/07\/20240326-UNIV-Congreso-Chelu-Marito.jpeg 1500w\" sizes=\"(max-width: 1024px) 100vw, 1024px\" title=\"UNIV Congreso en Roma Residencia Universitaria en Santiago de Compostela y Colegio Mayor\" \/><\/a><figcaption class=\"wp-element-caption\">Nicol\u00e1s Silva y Mario Rodr\u00edguez presentaron en Roma su ponencia sobre Inteligencia Artificial (IA).<\/figcaption><\/figure>\n\n\n\n<p><\/p>\n\n\n\n<figure class=\"wp-block-image size-large\"><a href=\"https:\/\/estila.org\/residencia\/wp-content\/uploads\/2024\/07\/UNIV-01.png\"><img decoding=\"async\" width=\"760\" height=\"1024\" src=\"https:\/\/estila.org\/residencia\/wp-content\/uploads\/2024\/07\/UNIV-01-760x1024.png\" alt=\"\" class=\"wp-image-5538\" srcset=\"https:\/\/estila.org\/residencia\/wp-content\/uploads\/2024\/07\/UNIV-01-760x1024.png 760w, https:\/\/estila.org\/residencia\/wp-content\/uploads\/2024\/07\/UNIV-01-223x300.png 223w, https:\/\/estila.org\/residencia\/wp-content\/uploads\/2024\/07\/UNIV-01-768x1035.png 768w, https:\/\/estila.org\/residencia\/wp-content\/uploads\/2024\/07\/UNIV-01.png 885w\" sizes=\"(max-width: 760px) 100vw, 760px\" title=\"UNIV Congreso en Roma Residencia Universitaria en Santiago de Compostela y Colegio Mayor\" \/><\/a><figcaption class=\"wp-element-caption\">Juan Vicente, Nicol\u00e1s y Mario, a los pies del emperador y fil\u00f3sofo Marco Aurelio en el Capitolio de <br>Roma.<\/figcaption><\/figure>\n\n\n\n<p><\/p>\n\n\n\n<figure class=\"wp-block-image size-full\"><a href=\"https:\/\/estila.org\/residencia\/wp-content\/uploads\/2024\/07\/UNIV-02.jpg\"><img decoding=\"async\" width=\"885\" height=\"664\" src=\"https:\/\/estila.org\/residencia\/wp-content\/uploads\/2024\/07\/UNIV-02.jpg\" alt=\"\" class=\"wp-image-5539\" srcset=\"https:\/\/estila.org\/residencia\/wp-content\/uploads\/2024\/07\/UNIV-02.jpg 885w, https:\/\/estila.org\/residencia\/wp-content\/uploads\/2024\/07\/UNIV-02-300x225.jpg 300w, https:\/\/estila.org\/residencia\/wp-content\/uploads\/2024\/07\/UNIV-02-768x576.jpg 768w\" sizes=\"(max-width: 885px) 100vw, 885px\" title=\"UNIV Congreso en Roma Residencia Universitaria en Santiago de Compostela y Colegio Mayor\" \/><\/a><figcaption class=\"wp-element-caption\">Miguel Jim\u00e9nez de los Galanes, Mario y Nicol\u00e1s cerca del Coliseo.<\/figcaption><\/figure>\n\n\n\n<p><\/p>\n\n\n\n<figure class=\"wp-block-image size-full\"><a href=\"https:\/\/estila.org\/residencia\/wp-content\/uploads\/2024\/07\/UNIV-03.jpg\"><img loading=\"lazy\" decoding=\"async\" width=\"885\" height=\"664\" src=\"https:\/\/estila.org\/residencia\/wp-content\/uploads\/2024\/07\/UNIV-03.jpg\" alt=\"\" class=\"wp-image-5540\" srcset=\"https:\/\/estila.org\/residencia\/wp-content\/uploads\/2024\/07\/UNIV-03.jpg 885w, https:\/\/estila.org\/residencia\/wp-content\/uploads\/2024\/07\/UNIV-03-300x225.jpg 300w, https:\/\/estila.org\/residencia\/wp-content\/uploads\/2024\/07\/UNIV-03-768x576.jpg 768w\" sizes=\"(max-width: 885px) 100vw, 885px\" title=\"UNIV Congreso en Roma Residencia Universitaria en Santiago de Compostela y Colegio Mayor\" \/><\/a><figcaption class=\"wp-element-caption\">En las excavaciones bajo la bas\u00edlica de San Nicola in Carcere, edificada sobre dos templos paganos en el Foro Olitorio. <\/figcaption><\/figure>\n\n\n\n<p><\/p>\n\n\n\n<figure class=\"wp-block-image size-large\"><a href=\"https:\/\/estila.org\/residencia\/wp-content\/uploads\/2024\/07\/UNIV-04.png\"><img loading=\"lazy\" decoding=\"async\" width=\"767\" height=\"1024\" src=\"https:\/\/estila.org\/residencia\/wp-content\/uploads\/2024\/07\/UNIV-04-767x1024.png\" alt=\"\" class=\"wp-image-5541\" srcset=\"https:\/\/estila.org\/residencia\/wp-content\/uploads\/2024\/07\/UNIV-04-767x1024.png 767w, https:\/\/estila.org\/residencia\/wp-content\/uploads\/2024\/07\/UNIV-04-225x300.png 225w, https:\/\/estila.org\/residencia\/wp-content\/uploads\/2024\/07\/UNIV-04-768x1025.png 768w, https:\/\/estila.org\/residencia\/wp-content\/uploads\/2024\/07\/UNIV-04.png 885w\" sizes=\"(max-width: 767px) 100vw, 767px\" title=\"UNIV Congreso en Roma Residencia Universitaria en Santiago de Compostela y Colegio Mayor\" \/><\/a><figcaption class=\"wp-element-caption\">El papa Francisco saluda al grupo del UNIV de Galicia el Domingo de Pascua.<\/figcaption><\/figure>\n","protected":false},"excerpt":{"rendered":"<p>El Congreso Internacional UNIV, celebrado en Roma,&nbsp;&nbsp;se inici\u00f3 con la Fase Local de Galicia en la que presentaron ponencias varios representantes de La Estila, Juan Ram\u00f3n G\u00f3mez-Martino, Carlos Garc\u00eda y Javier Mel\u00e9ndez sobre el autodiagn\u00f3stico en Internet; Giancarlo Bolledi sobre la relaci\u00f3n m\u00e9dico-paciente; Nicol\u00e1s Guira\u00fam, V\u00edctor Jim\u00e9nez y Miguel Torres sobre los ancianos; y un &#8230; <\/p>\n<p class=\"read-more-container\"><a title=\"UNIV Congreso en Roma\" class=\"read-more button\" href=\"https:\/\/estila.org\/residencia\/univ-congreso-en-roma\/#more-5537\" aria-label=\"Leer m\u00e1s sobre UNIV Congreso en Roma\">Leer m\u00e1s<\/a><\/p>\n","protected":false},"author":7,"featured_media":5494,"comment_status":"closed","ping_status":"closed","sticky":false,"template":"","format":"standard","meta":{"footnotes":""},"categories":[28],"tags":[],"class_list":["post-5537","post","type-post","status-publish","format-standard","has-post-thumbnail","hentry","category-actividades-la-estila","infinite-scroll-item"],"aioseo_notices":[],"_links":{"self":[{"href":"https:\/\/estila.org\/residencia\/wp-json\/wp\/v2\/posts\/5537","targetHints":{"allow":["GET"]}}],"collection":[{"href":"https:\/\/estila.org\/residencia\/wp-json\/wp\/v2\/posts"}],"about":[{"href":"https:\/\/estila.org\/residencia\/wp-json\/wp\/v2\/types\/post"}],"author":[{"embeddable":true,"href":"https:\/\/estila.org\/residencia\/wp-json\/wp\/v2\/users\/7"}],"replies":[{"embeddable":true,"href":"https:\/\/estila.org\/residencia\/wp-json\/wp\/v2\/comments?post=5537"}],"version-history":[{"count":3,"href":"https:\/\/estila.org\/residencia\/wp-json\/wp\/v2\/posts\/5537\/revisions"}],"predecessor-version":[{"id":5547,"href":"https:\/\/estila.org\/residencia\/wp-json\/wp\/v2\/posts\/5537\/revisions\/5547"}],"wp:featuredmedia":[{"embeddable":true,"href":"https:\/\/estila.org\/residencia\/wp-json\/wp\/v2\/media\/5494"}],"wp:attachment":[{"href":"https:\/\/estila.org\/residencia\/wp-json\/wp\/v2\/media?parent=5537"}],"wp:term":[{"taxonomy":"category","embeddable":true,"href":"https:\/\/estila.org\/residencia\/wp-json\/wp\/v2\/categories?post=5537"},{"taxonomy":"post_tag","embeddable":true,"href":"https:\/\/estila.org\/residencia\/wp-json\/wp\/v2\/tags?post=5537"}],"curies":[{"name":"wp","href":"https:\/\/api.w.org\/{rel}","templated":true}]}}