{"id":5525,"date":"2024-02-07T09:19:00","date_gmt":"2024-02-07T09:19:00","guid":{"rendered":"https:\/\/estila.org\/residencia\/?p=5525"},"modified":"2024-07-16T09:24:01","modified_gmt":"2024-07-16T09:24:01","slug":"ciclo-de-cine-colegios-mayores","status":"publish","type":"post","link":"https:\/\/estila.org\/residencia\/ciclo-de-cine-colegios-mayores\/","title":{"rendered":"Ciclo de Cine Colegios Mayores"},"content":{"rendered":"\n<p>La violent\u00edsima invasi\u00f3n de Ucrania por Rusia el 24 de febrero de 2022, que contin\u00faa a d\u00eda de hoy, llev\u00f3 a escoger como tema de este a\u00f1o \u201cCine B\u00e9lico y Cultura de Paz\u201d. Dio comienzo en el CM La Estila con \u201cSenderos de Gloria\u201d, y continu\u00f3 en el CM San Agust\u00edn con \u201cLa Tumba de las Luci\u00e9rnagas\u201d, el CM Arosa con \u201cHasta el \u00faltimo Hombre\u201d, para concluir en el CM Gelm\u00edrez con \u201cEl Pan de la Guerra\u201d.\u00a0<\/p>\n\n\n\n<figure class=\"wp-block-image size-large\"><a href=\"https:\/\/estila.org\/residencia\/wp-content\/uploads\/2024\/07\/20240224-Ciclo-de-Cine-Colegios-Mayores.jpg\"><img fetchpriority=\"high\" decoding=\"async\" width=\"1024\" height=\"768\" src=\"https:\/\/estila.org\/residencia\/wp-content\/uploads\/2024\/07\/20240224-Ciclo-de-Cine-Colegios-Mayores-1024x768.jpg\" alt=\"\" class=\"wp-image-5483\" srcset=\"https:\/\/estila.org\/residencia\/wp-content\/uploads\/2024\/07\/20240224-Ciclo-de-Cine-Colegios-Mayores-1024x768.jpg 1024w, https:\/\/estila.org\/residencia\/wp-content\/uploads\/2024\/07\/20240224-Ciclo-de-Cine-Colegios-Mayores-300x225.jpg 300w, https:\/\/estila.org\/residencia\/wp-content\/uploads\/2024\/07\/20240224-Ciclo-de-Cine-Colegios-Mayores-768x576.jpg 768w, https:\/\/estila.org\/residencia\/wp-content\/uploads\/2024\/07\/20240224-Ciclo-de-Cine-Colegios-Mayores.jpg 1500w\" sizes=\"(max-width: 1024px) 100vw, 1024px\" title=\"Ciclo de Cine Colegios Mayores Residencia Universitaria en Santiago de Compostela y Colegio Mayor\" \/><\/a><figcaption class=\"wp-element-caption\">Comienza la presentaci\u00f3n de \u201cSenderos de Gloria\u201d a cargo de \u00c1ngel D\u00edaz.<\/figcaption><\/figure>\n","protected":false},"excerpt":{"rendered":"<p>La violent\u00edsima invasi\u00f3n de Ucrania por Rusia el 24 de febrero de 2022, que contin\u00faa a d\u00eda de hoy, llev\u00f3 a escoger como tema de este a\u00f1o \u201cCine B\u00e9lico y Cultura de Paz\u201d. Dio comienzo en el CM La Estila con \u201cSenderos de Gloria\u201d, y continu\u00f3 en el CM San Agust\u00edn con \u201cLa Tumba de &#8230; <\/p>\n<p class=\"read-more-container\"><a title=\"Ciclo de Cine Colegios Mayores\" class=\"read-more button\" href=\"https:\/\/estila.org\/residencia\/ciclo-de-cine-colegios-mayores\/#more-5525\" aria-label=\"Leer m\u00e1s sobre Ciclo de Cine Colegios Mayores\">Leer m\u00e1s<\/a><\/p>\n","protected":false},"author":7,"featured_media":5526,"comment_status":"closed","ping_status":"closed","sticky":false,"template":"","format":"standard","meta":{"footnotes":""},"categories":[28],"tags":[],"class_list":["post-5525","post","type-post","status-publish","format-standard","has-post-thumbnail","hentry","category-actividades-la-estila","infinite-scroll-item"],"aioseo_notices":[],"_links":{"self":[{"href":"https:\/\/estila.org\/residencia\/wp-json\/wp\/v2\/posts\/5525","targetHints":{"allow":["GET"]}}],"collection":[{"href":"https:\/\/estila.org\/residencia\/wp-json\/wp\/v2\/posts"}],"about":[{"href":"https:\/\/estila.org\/residencia\/wp-json\/wp\/v2\/types\/post"}],"author":[{"embeddable":true,"href":"https:\/\/estila.org\/residencia\/wp-json\/wp\/v2\/users\/7"}],"replies":[{"embeddable":true,"href":"https:\/\/estila.org\/residencia\/wp-json\/wp\/v2\/comments?post=5525"}],"version-history":[{"count":1,"href":"https:\/\/estila.org\/residencia\/wp-json\/wp\/v2\/posts\/5525\/revisions"}],"predecessor-version":[{"id":5527,"href":"https:\/\/estila.org\/residencia\/wp-json\/wp\/v2\/posts\/5525\/revisions\/5527"}],"wp:featuredmedia":[{"embeddable":true,"href":"https:\/\/estila.org\/residencia\/wp-json\/wp\/v2\/media\/5526"}],"wp:attachment":[{"href":"https:\/\/estila.org\/residencia\/wp-json\/wp\/v2\/media?parent=5525"}],"wp:term":[{"taxonomy":"category","embeddable":true,"href":"https:\/\/estila.org\/residencia\/wp-json\/wp\/v2\/categories?post=5525"},{"taxonomy":"post_tag","embeddable":true,"href":"https:\/\/estila.org\/residencia\/wp-json\/wp\/v2\/tags?post=5525"}],"curies":[{"name":"wp","href":"https:\/\/api.w.org\/{rel}","templated":true}]}}