{"id":5523,"date":"2023-12-06T09:18:00","date_gmt":"2023-12-06T09:18:00","guid":{"rendered":"https:\/\/estila.org\/residencia\/?p=5523"},"modified":"2024-07-16T09:19:30","modified_gmt":"2024-07-16T09:19:30","slug":"desayunos-solidarios","status":"publish","type":"post","link":"https:\/\/estila.org\/residencia\/desayunos-solidarios\/","title":{"rendered":"Desayunos Solidarios"},"content":{"rendered":"\n<p>Los Desayunos Solidarios del domingo por la ma\u00f1ana, coordinados por \u00c1ngel D\u00edaz y en el marco de Cooperaci\u00f3n Internacional ONG, comenzaron el 12 de noviembre y se fueron repitiendo en varias ocasiones a lo largo del curso acad\u00e9mico. Equipos de cuatro o cinco residentes, provistos de mochilas con caf\u00e9, leche, bizcochos y refrescos recorrieron las calles del casco antiguo para ofrecer desayuno y conversaci\u00f3n a mendigos, que agradecen sobre todo el rato de atenci\u00f3n humana. Es una de las actividades en la que m\u00e1s hemos aprendido. En la foto, Nico, Hugo, Juan Vicente y \u00c1ngel, de regreso al Colegio Mayor un domingo de diciembre.<\/p>\n","protected":false},"excerpt":{"rendered":"<p>Los Desayunos Solidarios del domingo por la ma\u00f1ana, coordinados por \u00c1ngel D\u00edaz y en el marco de Cooperaci\u00f3n Internacional ONG, comenzaron el 12 de noviembre y se fueron repitiendo en varias ocasiones a lo largo del curso acad\u00e9mico. Equipos de cuatro o cinco residentes, provistos de mochilas con caf\u00e9, leche, bizcochos y refrescos recorrieron las &#8230; <\/p>\n<p class=\"read-more-container\"><a title=\"Desayunos Solidarios\" class=\"read-more button\" href=\"https:\/\/estila.org\/residencia\/desayunos-solidarios\/#more-5523\" aria-label=\"Leer m\u00e1s sobre Desayunos Solidarios\">Leer m\u00e1s<\/a><\/p>\n","protected":false},"author":7,"featured_media":5482,"comment_status":"closed","ping_status":"closed","sticky":false,"template":"","format":"standard","meta":{"footnotes":""},"categories":[28],"tags":[],"class_list":["post-5523","post","type-post","status-publish","format-standard","has-post-thumbnail","hentry","category-actividades-la-estila","infinite-scroll-item"],"aioseo_notices":[],"_links":{"self":[{"href":"https:\/\/estila.org\/residencia\/wp-json\/wp\/v2\/posts\/5523","targetHints":{"allow":["GET"]}}],"collection":[{"href":"https:\/\/estila.org\/residencia\/wp-json\/wp\/v2\/posts"}],"about":[{"href":"https:\/\/estila.org\/residencia\/wp-json\/wp\/v2\/types\/post"}],"author":[{"embeddable":true,"href":"https:\/\/estila.org\/residencia\/wp-json\/wp\/v2\/users\/7"}],"replies":[{"embeddable":true,"href":"https:\/\/estila.org\/residencia\/wp-json\/wp\/v2\/comments?post=5523"}],"version-history":[{"count":1,"href":"https:\/\/estila.org\/residencia\/wp-json\/wp\/v2\/posts\/5523\/revisions"}],"predecessor-version":[{"id":5524,"href":"https:\/\/estila.org\/residencia\/wp-json\/wp\/v2\/posts\/5523\/revisions\/5524"}],"wp:featuredmedia":[{"embeddable":true,"href":"https:\/\/estila.org\/residencia\/wp-json\/wp\/v2\/media\/5482"}],"wp:attachment":[{"href":"https:\/\/estila.org\/residencia\/wp-json\/wp\/v2\/media?parent=5523"}],"wp:term":[{"taxonomy":"category","embeddable":true,"href":"https:\/\/estila.org\/residencia\/wp-json\/wp\/v2\/categories?post=5523"},{"taxonomy":"post_tag","embeddable":true,"href":"https:\/\/estila.org\/residencia\/wp-json\/wp\/v2\/tags?post=5523"}],"curies":[{"name":"wp","href":"https:\/\/api.w.org\/{rel}","templated":true}]}}